{"id":939,"date":"2020-02-12T12:45:36","date_gmt":"2020-02-12T12:45:36","guid":{"rendered":"http:\/\/rudolf-grothues.de\/?p=939"},"modified":"2020-02-12T12:46:49","modified_gmt":"2020-02-12T12:46:49","slug":"kater-rumskedi-zum-anbeissen","status":"publish","type":"post","link":"http:\/\/rudolf-grothues.de\/?p=939","title":{"rendered":"Kater Rumskedi zum Anbei\u00dfen"},"content":{"rendered":"\n<p><strong>Als Mitglied der Steuerungsgruppe weise ich hier einmal auf die folgende Nachricht hin:<\/strong><\/p>\n\n\n\n<p><em>P\u00fcnktlich zu Karneval machen Fairer Handel und Karnevalisten gemeinsame gute Sache und pr\u00e4sentieren die Karnevalsedition der BE-fair Schokolade.\u00a0\u00a0<\/em><\/p>\n\n\n\n<p>Seit 2019 gibt es die faire Beckumer Schokolade \u201eBE-fair\u201d zu kaufen. Nun stellt die Steuerungsgruppe \u201eFairtrade-Stadt Beckum\u201d die Karnevalsedition vor, gemeinsam mit dem Pr\u00e4sidenten der Karnevalsdachgesellschaft Wolfgang Krogmeier und Regina Everke, die den Verkauf der Karnevalsartikel koordiniert.<\/p>\n\n\n\n<p>\u201eWir freuen uns sehr, dass der Kater Rumskedi nun auch die faire Schokolade ziert. Es ist gro\u00dfartig, dass der Beckumer Karneval damit den Fairen Handel unterst\u00fctzen kann\u201d, zeigte sich Wolfgang Krogmeier begeistert von der Aktion. Die Idee f\u00fcr die Karnevalsausgabe stammt von der Steuerungsgruppe. \u201eIch freue mich sehr, dass diese Idee so gro\u00dfen Anklang gefunden hat und dass der Faire Handel so auch in der f\u00fcnften Jahreszeit pr\u00e4sent ist\u201d, erkl\u00e4rte Marion Matuszek, Ansprechpartnerin f\u00fcr Fairen Handel bei der Stadt Beckum.<\/p>\n\n\n\n<p>Die faire Schokolade stammt von der GEPA, dem gr\u00f6\u00dften europ\u00e4ischen Importeur fair gehandelter Lebensmittel und Handwerksprodukte aus den s\u00fcdlichen L\u00e4ndern. Sie wird unter hohen Auflagen produziert, damit entlang der Wertsch\u00f6pfungskette faire L\u00f6hne gezahlt und gute Arbeitsbedingungen sichergestellt werden k\u00f6nnen.<\/p>\n\n\n\n<p>Die Karnevalsedition gibt es in Vollmilch und Zartbitter zum Preis von 2,50 Euro an folgenden Stellen zu kaufen:&nbsp;&nbsp;<strong>Buchhandlung BUK Buch+Kunst, Creativ-Werbung, Buchhandlung Holota, Essostation Niehaus, G\u00e4rtnerei Wille, Haushaltwaren Holtmann, Klatschmohn, Kommunikativ Werbeagentur und Ulrikes Fotostudio<\/strong>.<\/p>\n\n\n\n<p>50 Cent jeder verkauften Tafel kommen dem Beckumer Karneval zugute.<\/p>\n\n\n\n<p>(Text und Foto: Stadt Beckum)<\/p>\n","protected":false},"excerpt":{"rendered":"<p>Als Mitglied der Steuerungsgruppe weise ich hier einmal auf die folgende Nachricht hin: P\u00fcnktlich zu Karneval machen Fairer Handel und Karnevalisten gemeinsame gute Sache und pr\u00e4sentieren die Karnevalsedition der BE-fair Schokolade.\u00a0\u00a0 Seit 2019 gibt es die faire Beckumer Schokolade \u201eBE-fair\u201d zu kaufen. Nun stellt die Steuerungsgruppe \u201eFairtrade-Stadt Beckum\u201d die Karnevalsedition vor, gemeinsam mit dem Pr\u00e4sidenten [&hellip;]<\/p>\n","protected":false},"author":1,"featured_media":940,"comment_status":"open","ping_status":"open","sticky":false,"template":"","format":"standard","meta":{"footnotes":""},"categories":[5],"tags":[],"class_list":["post-939","post","type-post","status-publish","format-standard","has-post-thumbnail","hentry","category-fairtrade"],"_links":{"self":[{"href":"http:\/\/rudolf-grothues.de\/index.php?rest_route=\/wp\/v2\/posts\/939","targetHints":{"allow":["GET"]}}],"collection":[{"href":"http:\/\/rudolf-grothues.de\/index.php?rest_route=\/wp\/v2\/posts"}],"about":[{"href":"http:\/\/rudolf-grothues.de\/index.php?rest_route=\/wp\/v2\/types\/post"}],"author":[{"embeddable":true,"href":"http:\/\/rudolf-grothues.de\/index.php?rest_route=\/wp\/v2\/users\/1"}],"replies":[{"embeddable":true,"href":"http:\/\/rudolf-grothues.de\/index.php?rest_route=%2Fwp%2Fv2%2Fcomments&post=939"}],"version-history":[{"count":2,"href":"http:\/\/rudolf-grothues.de\/index.php?rest_route=\/wp\/v2\/posts\/939\/revisions"}],"predecessor-version":[{"id":942,"href":"http:\/\/rudolf-grothues.de\/index.php?rest_route=\/wp\/v2\/posts\/939\/revisions\/942"}],"wp:featuredmedia":[{"embeddable":true,"href":"http:\/\/rudolf-grothues.de\/index.php?rest_route=\/wp\/v2\/media\/940"}],"wp:attachment":[{"href":"http:\/\/rudolf-grothues.de\/index.php?rest_route=%2Fwp%2Fv2%2Fmedia&parent=939"}],"wp:term":[{"taxonomy":"category","embeddable":true,"href":"http:\/\/rudolf-grothues.de\/index.php?rest_route=%2Fwp%2Fv2%2Fcategories&post=939"},{"taxonomy":"post_tag","embeddable":true,"href":"http:\/\/rudolf-grothues.de\/index.php?rest_route=%2Fwp%2Fv2%2Ftags&post=939"}],"curies":[{"name":"wp","href":"https:\/\/api.w.org\/{rel}","templated":true}]}}