{"id":75,"date":"2017-09-17T08:12:34","date_gmt":"2017-09-17T08:12:34","guid":{"rendered":"http:\/\/rudi.puettstadt.de\/?p=75"},"modified":"2018-06-21T08:17:23","modified_gmt":"2018-06-21T08:17:23","slug":"60-jahre-fanfarencorps-weiss-rot-beckum","status":"publish","type":"post","link":"http:\/\/rudolf-grothues.de\/?p=75","title":{"rendered":"60 Jahre Fanfarencorps Wei\u00df-Rot Beckum"},"content":{"rendered":"<div class=\"articleText1\">\n<figure id=\"attachment_76\" aria-describedby=\"caption-attachment-76\" style=\"width: 1049px\" class=\"wp-caption alignnone\"><img loading=\"lazy\" decoding=\"async\" class=\"size-full wp-image-76\" src=\"http:\/\/rudi.puettstadt.de\/wp-content\/uploads\/2018\/06\/image-7.png\" alt=\"\" width=\"1049\" height=\"699\" srcset=\"http:\/\/rudolf-grothues.de\/wp-content\/uploads\/2018\/06\/image-7.png 1049w, http:\/\/rudolf-grothues.de\/wp-content\/uploads\/2018\/06\/image-7-350x233.png 350w, http:\/\/rudolf-grothues.de\/wp-content\/uploads\/2018\/06\/image-7-300x200.png 300w, http:\/\/rudolf-grothues.de\/wp-content\/uploads\/2018\/06\/image-7-768x512.png 768w, http:\/\/rudolf-grothues.de\/wp-content\/uploads\/2018\/06\/image-7-1024x682.png 1024w\" sizes=\"auto, (max-width: 1049px) 100vw, 1049px\" \/><figcaption id=\"caption-attachment-76\" class=\"wp-caption-text\">Martina Wenke<\/figcaption><\/figure>\n<p>Liebes Fanfarencorps Wei\u00df-Rot Beckum,\u00a0liebe Gastmusikerinnen und Gastmusiker!\u00a0Liebe Beckumerinnen und Beckumer,<\/p>\n<p>ich gr\u00fc\u00dfe Sie alle ganz herzlich hier auf dem Beckumer Marktplatz zu einem besonderen feierlichen Anlass: Das Fanfarencorps Wei\u00df-Rot Beckum feiert an diesem Wochenende seinen 60. Geburtstag! Herzlichen Gl\u00fcckwunsch an den Vorstand, an alle Mitglieder des Fanfarencorps und an alle Ehemaligen.<\/p>\n<p>Gestern haben Sie zum gro\u00dfen Oktoberfest ins Festzelt auf dem Westenfeuermarkt geladen, heute nun feiern Sie gemeinsam mit \u00fcber 20 befreundeten Musikvereinen, um hier Ihr Jubil\u00e4um weiter zu feiern. Wie der Rattenf\u00e4nger von Hameln haben die vielen Kapellen sich in einem Sternmarsch mit Pauken und Trompeten in unser Zentrum bewegt und dabei alle Musikbegeisterten in ihren Bann gezogen und hierher begleitet \u2012 ein tolles Bild f\u00fcr einen tollen Verein!<\/p>\n<\/div>\n<p><!--more--><\/p>\n<div class=\"articleText2\">\n<p>Liebes Fanfarencorps,<\/p>\n<p>was w\u00e4re der Beckumer Karneval ohne euch? Nat\u00fcrlich habt ihr euch 1957 im Karneval gegr\u00fcndet. Was w\u00e4ren die vielen anderen Veranstaltungen im Beckumer Terminkalender ohne euch, die ihr bereichert mit satten Rhythmen, sch\u00f6nen Melodien, tollem Groove sowie stets mit guter Laune und pr\u00e4chtiger Stimmung?<\/p>\n<p>Das Fanfarencorps, dem man das Alter dank einer tollen Nachwuchsf\u00f6rderung nicht ansieht, ist eine Beckumer Institution, auf die wir auch die n\u00e4chste 60 Jahre nicht verzichten wollen und k\u00f6nnen \u2012 und ja auch nicht m\u00fcssen. Denn die Zukunft scheint gesichert. Das liegt ja auch daran, dass Sie an einzelnen Instrumenten ausbilden und trotz allem Traditionsbewusstsein moderne Musik machen. Ich bedanke mich f\u00fcr das Engagement beim Vorstand, bei der musikalischen Leiterin Martina Wenke sowie bei allen kleinen und gro\u00dfen Mitgliedern.<\/p>\n<p>F\u00fcr die tolle musikalische Unterst\u00fctzung der heutigen Feier bedanke ich mich bei den vielen Musikvereinen, die eigens hierhergekommen sind, um dem Jubil\u00e4um unseres Fanfarencorps einen wundervollen Rahmen zu geben. Ganz herzlichen Dank daf\u00fcr! Das zeigt ja auch, dass es da keine Konkurrenz gibt, sondern einen gro\u00dfen regionalen Zusammenhalt. Musik ist halt immer ein verbindendes Element.<\/p>\n<p>Liebes Fanfarencorps,\u00a0gestern war das Festzelt prall gef\u00fcllt und ausverkauft, heute ist die ganze Stadt auf den Beinen. Diese gro\u00dfe Resonanz belegt die gro\u00dfe Verbundenheit der Beckumerinnen und Beckumer zum Fanfarencorps Wei\u00df-Rot.<\/p>\n<p>Hier bleibt kein Tanzbein still, es wird mitgewippt und mitgesungen. Die Beckumerinnen und Beckumer lassen sich da nicht lange bitten. Das Fanfarencorps und die heutigen Gastmusikerinnen und \u2013musiker haben es sich zur Aufgabe gemacht, Stimmung und gute Laune zu verbreiten. Da sind wir doch alle gerne dabei!<\/p>\n<p>Ich w\u00fcnsche dem Fanfarencorps Wei\u00df-Rot Beckum f\u00fcr die n\u00e4chsten 60 Jahre alles Gute und f\u00fcr heute Ihnen und euch allen noch eine schwungvolle Party!<\/p>\n<\/div>\n","protected":false},"excerpt":{"rendered":"<p>Liebes Fanfarencorps Wei\u00df-Rot Beckum,\u00a0liebe Gastmusikerinnen und Gastmusiker!\u00a0Liebe Beckumerinnen und Beckumer, ich gr\u00fc\u00dfe Sie alle ganz herzlich hier auf dem Beckumer Marktplatz zu einem besonderen feierlichen Anlass: Das Fanfarencorps Wei\u00df-Rot Beckum feiert an diesem Wochenende seinen 60. Geburtstag! Herzlichen Gl\u00fcckwunsch an den Vorstand, an alle Mitglieder des Fanfarencorps und an alle Ehemaligen. Gestern haben Sie zum [&hellip;]<\/p>\n","protected":false},"author":1,"featured_media":0,"comment_status":"open","ping_status":"open","sticky":false,"template":"","format":"standard","meta":{"footnotes":""},"categories":[6],"tags":[],"class_list":["post-75","post","type-post","status-publish","format-standard","hentry","category-vereine"],"_links":{"self":[{"href":"http:\/\/rudolf-grothues.de\/index.php?rest_route=\/wp\/v2\/posts\/75","targetHints":{"allow":["GET"]}}],"collection":[{"href":"http:\/\/rudolf-grothues.de\/index.php?rest_route=\/wp\/v2\/posts"}],"about":[{"href":"http:\/\/rudolf-grothues.de\/index.php?rest_route=\/wp\/v2\/types\/post"}],"author":[{"embeddable":true,"href":"http:\/\/rudolf-grothues.de\/index.php?rest_route=\/wp\/v2\/users\/1"}],"replies":[{"embeddable":true,"href":"http:\/\/rudolf-grothues.de\/index.php?rest_route=%2Fwp%2Fv2%2Fcomments&post=75"}],"version-history":[{"count":1,"href":"http:\/\/rudolf-grothues.de\/index.php?rest_route=\/wp\/v2\/posts\/75\/revisions"}],"predecessor-version":[{"id":77,"href":"http:\/\/rudolf-grothues.de\/index.php?rest_route=\/wp\/v2\/posts\/75\/revisions\/77"}],"wp:attachment":[{"href":"http:\/\/rudolf-grothues.de\/index.php?rest_route=%2Fwp%2Fv2%2Fmedia&parent=75"}],"wp:term":[{"taxonomy":"category","embeddable":true,"href":"http:\/\/rudolf-grothues.de\/index.php?rest_route=%2Fwp%2Fv2%2Fcategories&post=75"},{"taxonomy":"post_tag","embeddable":true,"href":"http:\/\/rudolf-grothues.de\/index.php?rest_route=%2Fwp%2Fv2%2Ftags&post=75"}],"curies":[{"name":"wp","href":"https:\/\/api.w.org\/{rel}","templated":true}]}}