{"id":717,"date":"2019-10-19T10:30:20","date_gmt":"2019-10-19T10:30:20","guid":{"rendered":"http:\/\/rudolf-grothues.de\/?p=717"},"modified":"2019-10-22T11:32:13","modified_gmt":"2019-10-22T11:32:13","slug":"25-jahre-fwg-in-beckum","status":"publish","type":"post","link":"http:\/\/rudolf-grothues.de\/?p=717","title":{"rendered":"25 Jahre FWG in Beckum"},"content":{"rendered":"\n<p>Sehr geehrter Herr St\u00f6ppel, lieber Gregor,<\/p>\n\n\n\n<p>liebe Mitglieder der Freien W\u00e4hler-Gemeinschaft Beckum, der FWG,<\/p>\n\n\n\n<p>liebe FWG-Ratsmitglieder, verehrte Jubil\u00e4umsg\u00e4ste, <\/p>\n\n\n\n<p>ich begr\u00fc\u00dfe Sie alle ganz herzlich auf dieser Jubil\u00e4umsfeier im Namen der Stadt Beckum und gratuliere der FWG herzlich zum 25. Geburtstag!&nbsp;Sehr gerne bin ich Ihrer Einladung gefolgt, und es freut mich, dass ich als stellvertretender B\u00fcrgermeister ein paar Worte an Sie richten darf. <\/p>\n\n\n\n<p>Vor 25 Jahren wurde die politische Landschaft in Beckum um einen St\u00fctzpfeiler erweitert, die Freien W\u00e4hlerinnen und W\u00e4hler, die explizit keine Partei, sondern einen Verein gr\u00fcndeten. Auf Ihrer Homepage hei\u00dft es dazu: Die FWG ist \u201eeine Gemeinschaft Beckumer Einwohner, die sich zum Ziel gesetzt hat, durch kommunalpolitische Mitarbeit in der Stadt Beckum und im Kreis Warendorf zu einer positiven Entwicklung der Stadt und des Kreises beizutragen.\u201c Sie hatten heute wie damals dabei das Wohl der Menschen, die hier leben, im Blick und das Ziel, Projekte und Vorhaben voranzubringen.&nbsp;<\/p>\n\n\n\n<!--more-->\n\n\n\n<p>Zum ersten Vorsitzenden damals in der Gastst\u00e4tte \u201eZu den drei Kronen Topp\u201c wurde Helmut Rehmsen gew\u00e4hlt. Das war im Juni 1994. Und schon bei der ersten Kommunalwahl im darauffolgenden Oktober haben Sie es aus dem Stand auf beachtliche 21,52 Prozent der Stimmen und damit 9 Ratsmitglieder gebracht. In der aktuellen Wahlperiode sind es mit Gregor St\u00f6ppel als Fraktionsvorsitzendem, Edith Ludwig und Wolfgang Scholz 3 Personen. Aber ganz gleich wie stark Sie vertreten sind: Die engagierte, konstruktive Arbeit ist geblieben. Und ganz gleich, wie viele Menschen sich f\u00fcr die FWG einbringen, ob im Rat, in den Aussch\u00fcssen oder im Verein: Es geb\u00fchrt Ihnen allen Dank und Anerkennung f\u00fcr dieses Engagement.&nbsp;<\/p>\n\n\n\n<p>Ich bedanke mich im Namen der Stadt Beckum bei allen, die f\u00fcr die FWG t\u00e4tig waren und t\u00e4tig sind, f\u00fcr die politische Arbeit und Ihr engagiertes Mitwirken in unseren Gremien, mit dem Ziel, zum Wohl der Beckumerinnen und Beckumer, sowie auch der Menschen im Kreis Warendorf zu handeln und zu einem guten Miteinander und einer Weiterentwicklung beizutragen!<\/p>\n\n\n\n<p>An erster Stelle geb\u00fchrt dieser Dank dem langj\u00e4hrigen Fraktionsvorsitzenden Gregor St\u00f6ppel. Lieber Gregor, Du bist seit 2002 Fraktionsvorsitzender, damit sind es fast 2 Jahrzehnte. Und Du warst von Beginn an, also ab 1994 im Rat dabei. Das ist schon sehr beachtlich und anerkennenswert. Denn diese Arbeit erfordert das Lesen unz\u00e4hliger Seiten, sich immer wieder in neue Sachverhalte einzuarbeiten, Sitzungen vorzubereiten, diese zu moderieren, sich in Ratssitzungen und anderswo f\u00fcr seine politischen Belange einzusetzen. Dahinter steckt enorm viel Aufwand und Zeit, was nur symbolisch entlohnt wird. Der wahre Lohn ist, so ist das in der politischen Arbeit, wenn sich die aus der eigenen Sicht \u201erichtigen\u201c Entscheidungen durchsetzen und Dinge nach den eigenen Vorstellungen vorankommen.&nbsp;<\/p>\n\n\n\n<p>Und das gilt nat\u00fcrlich f\u00fcr alle, die als Ratsmitglieder, als Ausschussmitglieder oder sachkundige B\u00fcrgerin oder sachkundiger B\u00fcrger f\u00fcr die FWG aktiv waren oder sind.&nbsp;Und dann hatten wir aus Ihren Reihen mit Eva Gehrke eine ehrenamtliche B\u00fcrgermeisterin, die sich mit Bernd Schnell eine Wahlperiode geteilt hat, und mit Heinz Haske einen stellvertretenden B\u00fcrgermeister, mit dem ja auch ich zusammengearbeitet habe. Auch auf dieser Ebene war und ist mit der FWG zu rechnen. Vielen Dank auch f\u00fcr die verantwortungsvolle Wahrnehmung dieser \u00c4mter!<\/p>\n\n\n\n<p>Liebe FWG-Mitglieder, nat\u00fcrlich sind wir auch politische Konkurrenten oder Mitbewerber, und da hat es in der Vergangenheit auch schon einmal keine \u00dcbereinstimmung unserer Ansichten gegeben. Aber das geh\u00f6rt auch dazu. Wir sind alle auf der Suche nach den besten Ideen, die man dann mit der Bev\u00f6lkerung umsetzen kann.<\/p>\n\n\n\n<p>Die FWG ist stets ein konstruktiver, durchaus streitbarer, aber immer fairer Gespr\u00e4chspartner. Stets bringen Sie Ihre Themen in die Debatte ein. Mit Ihrer Unterst\u00fctzung und Ihrer intensiven Mitarbeit ist in den vergangenen 25 Jahren in unserer Stadt viel bewegt worden. Sie wirken daran mit, dass Beckum im Sinne unseres Slogans \u201eimmer besser\u201c wird.<\/p>\n\n\n\n<p>Lieber Gregor St\u00f6ppel,<\/p>\n\n\n\n<p>stellvertretend f\u00fcr die FWG Beckum \u00fcberreiche ich Dir als Vereins- und Fraktionsvorsitzender der FWG als Jubil\u00e4umsgeschenk diesen kleinen Pr\u00e4sentkorb mit fair gehandelten Produkten aus unserer Heimatstadt. Ich bedanke mich bei allen, die f\u00fcr die FWG in den letzten 25 Jahren aktiv waren sowie bei allen, die dies heute tun und w\u00fcnsche Ihnen und Euch alles Gute f\u00fcr die Zukunft.&nbsp;<\/p>\n","protected":false},"excerpt":{"rendered":"<p>Sehr geehrter Herr St\u00f6ppel, lieber Gregor, liebe Mitglieder der Freien W\u00e4hler-Gemeinschaft Beckum, der FWG, liebe FWG-Ratsmitglieder, verehrte Jubil\u00e4umsg\u00e4ste, ich begr\u00fc\u00dfe Sie alle ganz herzlich auf dieser Jubil\u00e4umsfeier im Namen der Stadt Beckum und gratuliere der FWG herzlich zum 25. Geburtstag!&nbsp;Sehr gerne bin ich Ihrer Einladung gefolgt, und es freut mich, dass ich als stellvertretender B\u00fcrgermeister [&hellip;]<\/p>\n","protected":false},"author":1,"featured_media":720,"comment_status":"open","ping_status":"open","sticky":false,"template":"","format":"standard","meta":{"footnotes":""},"categories":[10],"tags":[],"class_list":["post-717","post","type-post","status-publish","format-standard","has-post-thumbnail","hentry","category-stellv-buergermeister"],"_links":{"self":[{"href":"http:\/\/rudolf-grothues.de\/index.php?rest_route=\/wp\/v2\/posts\/717","targetHints":{"allow":["GET"]}}],"collection":[{"href":"http:\/\/rudolf-grothues.de\/index.php?rest_route=\/wp\/v2\/posts"}],"about":[{"href":"http:\/\/rudolf-grothues.de\/index.php?rest_route=\/wp\/v2\/types\/post"}],"author":[{"embeddable":true,"href":"http:\/\/rudolf-grothues.de\/index.php?rest_route=\/wp\/v2\/users\/1"}],"replies":[{"embeddable":true,"href":"http:\/\/rudolf-grothues.de\/index.php?rest_route=%2Fwp%2Fv2%2Fcomments&post=717"}],"version-history":[{"count":3,"href":"http:\/\/rudolf-grothues.de\/index.php?rest_route=\/wp\/v2\/posts\/717\/revisions"}],"predecessor-version":[{"id":724,"href":"http:\/\/rudolf-grothues.de\/index.php?rest_route=\/wp\/v2\/posts\/717\/revisions\/724"}],"wp:featuredmedia":[{"embeddable":true,"href":"http:\/\/rudolf-grothues.de\/index.php?rest_route=\/wp\/v2\/media\/720"}],"wp:attachment":[{"href":"http:\/\/rudolf-grothues.de\/index.php?rest_route=%2Fwp%2Fv2%2Fmedia&parent=717"}],"wp:term":[{"taxonomy":"category","embeddable":true,"href":"http:\/\/rudolf-grothues.de\/index.php?rest_route=%2Fwp%2Fv2%2Fcategories&post=717"},{"taxonomy":"post_tag","embeddable":true,"href":"http:\/\/rudolf-grothues.de\/index.php?rest_route=%2Fwp%2Fv2%2Ftags&post=717"}],"curies":[{"name":"wp","href":"https:\/\/api.w.org\/{rel}","templated":true}]}}