{"id":675,"date":"2019-08-26T06:28:38","date_gmt":"2019-08-26T06:28:38","guid":{"rendered":"http:\/\/rudolf-grothues.de\/?p=675"},"modified":"2019-08-26T06:32:37","modified_gmt":"2019-08-26T06:32:37","slug":"beckum-bleibt-fairtrade-stadt","status":"publish","type":"post","link":"http:\/\/rudolf-grothues.de\/?p=675","title":{"rendered":"Beckum bleibt &#8222;Fairtrade-Stadt&#8220;"},"content":{"rendered":"\n<p><strong>Die Stadt Beckum erf\u00fcllt weiterhin alle 5 Kriterien der Fairtrade-Towns-Kampagne und tr\u00e4gt f\u00fcr weitere 2 Jahre den Titel Fairtrade-Stadt.&nbsp;<\/strong><\/p>\n\n\n\n<p>Die Auszeichnung wurde erstmalig am 1. September 2017 durch TransFair&nbsp;e.&nbsp;V. verliehen. Seitdem baut die Kommune ihr Engagement weiter aus.<\/p>\n\n\n\n<p>Stellvertretend f\u00fcr B\u00fcrgermeister Dr.&nbsp;Karl-Uwe Strothmann konnte Barbara Urch-Sengen der Steuerungsgruppe Fairtrade-Stadt Beckum die frohe Kunde von Transfair&nbsp;e.&nbsp;V. \u00fcberbringen: \u201eWir freuen uns sehr, Ihnen nach eingehender Pr\u00fcfung mitteilen zu d\u00fcrfen, dass Beckum den Titel Fairtrade-Stadt f\u00fcr weitere zwei Jahre tragen darf.\u201c<\/p>\n\n\n\n<p>Vor 2 Jahren erhielt Beckum erstmalig die Auszeichnung f\u00fcr ihr Engagement zum fairen Handel, f\u00fcr die sie nachweislich f\u00fcnf Kriterien erf\u00fcllen musste. Die Unterst\u00fctzung des fairen Handels ist in einem Ratsbeschluss festgehalten und der B\u00fcrgermeister bewirtet seine G\u00e4ste in der Verwaltung bei Besprechungen mit fair gehandeltem Kaffee. Eine Steuerungsgruppe koordiniert und initiiert Aktivit\u00e4ten, in Gesch\u00e4ften und gastronomischen Betrieben werden Produkte aus fairem Handel angeboten, die Zivilgesellschaft leistet Bildungsarbeit und die lokalen Medien berichten \u00fcber die Aktivit\u00e4ten vor Ort.<\/p>\n\n\n\n<!--more-->\n\n\n\n<p>Das Engagement in der Fairtrade-Stadt Beckum ist vielf\u00e4ltig: Die Aktionsgemeinschaft Eine Welt verkauft im Pfarrheim St. Stephanus fair gehandelte Waren und l\u00e4dt zum fairen Fr\u00fchst\u00fcck ein, im Julie-Hausmann-Haus wird fair gebruncht und die evangelische Kirchengemeinde verkauft nach den Doppelpunktgottesdiensten faire Produkte, um einige regelm\u00e4\u00dfige Aktivit\u00e4ten zu nennen. Weitere erfolgreiche Projekte der vergangenen 2 Jahre waren die Ausstellung \u201eTrikottausch\u201c \u00fcber faire Textilien in der Sparkasse Beckum-Wadersloh, die Beteiligung an der fairen Woche und das Programm zur Nachhaltigkeit zusammen mit der Volkshochschule und \u201eKlimastadt Beckum\u201c, die Vorstellung fair gehandelter Produkte aus dem Sortiment eines Einzelh\u00e4ndlers bei REWE, Informationsgespr\u00e4che und Kooperationen mit dem Gewerbe- und dem Wirteverein und ein Punk-Musical \u00fcber globale Gerechtigkeit f\u00fcr Schulen, um nur einige Beispiele zu nennen. \u201eWir verstehen die best\u00e4tigte Auszeichnung als Motivation und Aufforderung f\u00fcr weiterf\u00fchrendes Engagement\u201c, sagt die Leiterin der Steuerungsgruppe Antje Ruhmann, \u201eund sind stolz, dass uns die Urkunde zur Neuzertifizierung durch B\u00fcrgermeister Dr. Karl-Uwe Strothmann bei der Er\u00f6ffnung der P\u00fctt-Tage, am Freitag, den 30. September um 19 Uhr \u00fcberreicht wird. Wir wollen die Neuzertifizierung mit der Einf\u00fchrung der ersten fairen Beckum-Schokolade feiern und uns herzlich bei allen Akteuren aus Politik, Kirche, Zivilgesellschaft und Wirtschaft bedanken, indem wir 100 Schokoladen verschenken.\u201c Diese kann man k\u00fcnftig auch zum Preis von 2&nbsp;Euro im B\u00fcrgerb\u00fcro der Stadt Beckum erwerben und zwar als Vollmilch- und Zartbitterschokolade.<\/p>\n\n\n\n<p>(Freuen sich \u00fcber weitere zwei Jahre als &#8222;Fairtrade-Stadt&#8220;: Dr. Rudolf Grothues, Fabia Kazcanzik, Ute Bayer, Antje Ruhmann, Annegret Kortm\u00fcller, Barbara Urch-Sengen und Marion Matuszek ;Text und Foto: Stadt Beckum)<\/p>\n","protected":false},"excerpt":{"rendered":"<p>Die Stadt Beckum erf\u00fcllt weiterhin alle 5 Kriterien der Fairtrade-Towns-Kampagne und tr\u00e4gt f\u00fcr weitere 2 Jahre den Titel Fairtrade-Stadt.&nbsp; Die Auszeichnung wurde erstmalig am 1. September 2017 durch TransFair&nbsp;e.&nbsp;V. verliehen. Seitdem baut die Kommune ihr Engagement weiter aus. Stellvertretend f\u00fcr B\u00fcrgermeister Dr.&nbsp;Karl-Uwe Strothmann konnte Barbara Urch-Sengen der Steuerungsgruppe Fairtrade-Stadt Beckum die frohe Kunde von Transfair&nbsp;e.&nbsp;V. [&hellip;]<\/p>\n","protected":false},"author":1,"featured_media":676,"comment_status":"open","ping_status":"closed","sticky":false,"template":"","format":"standard","meta":{"footnotes":""},"categories":[5],"tags":[],"class_list":["post-675","post","type-post","status-publish","format-standard","has-post-thumbnail","hentry","category-fairtrade"],"_links":{"self":[{"href":"http:\/\/rudolf-grothues.de\/index.php?rest_route=\/wp\/v2\/posts\/675","targetHints":{"allow":["GET"]}}],"collection":[{"href":"http:\/\/rudolf-grothues.de\/index.php?rest_route=\/wp\/v2\/posts"}],"about":[{"href":"http:\/\/rudolf-grothues.de\/index.php?rest_route=\/wp\/v2\/types\/post"}],"author":[{"embeddable":true,"href":"http:\/\/rudolf-grothues.de\/index.php?rest_route=\/wp\/v2\/users\/1"}],"replies":[{"embeddable":true,"href":"http:\/\/rudolf-grothues.de\/index.php?rest_route=%2Fwp%2Fv2%2Fcomments&post=675"}],"version-history":[{"count":3,"href":"http:\/\/rudolf-grothues.de\/index.php?rest_route=\/wp\/v2\/posts\/675\/revisions"}],"predecessor-version":[{"id":679,"href":"http:\/\/rudolf-grothues.de\/index.php?rest_route=\/wp\/v2\/posts\/675\/revisions\/679"}],"wp:featuredmedia":[{"embeddable":true,"href":"http:\/\/rudolf-grothues.de\/index.php?rest_route=\/wp\/v2\/media\/676"}],"wp:attachment":[{"href":"http:\/\/rudolf-grothues.de\/index.php?rest_route=%2Fwp%2Fv2%2Fmedia&parent=675"}],"wp:term":[{"taxonomy":"category","embeddable":true,"href":"http:\/\/rudolf-grothues.de\/index.php?rest_route=%2Fwp%2Fv2%2Fcategories&post=675"},{"taxonomy":"post_tag","embeddable":true,"href":"http:\/\/rudolf-grothues.de\/index.php?rest_route=%2Fwp%2Fv2%2Ftags&post=675"}],"curies":[{"name":"wp","href":"https:\/\/api.w.org\/{rel}","templated":true}]}}