{"id":615,"date":"2019-06-23T10:57:25","date_gmt":"2019-06-23T10:57:25","guid":{"rendered":"http:\/\/rudolf-grothues.de\/?p=615"},"modified":"2019-06-24T07:49:06","modified_gmt":"2019-06-24T07:49:06","slug":"verabschiedung-von-pastor-guenther-falkenberg","status":"publish","type":"post","link":"http:\/\/rudolf-grothues.de\/?p=615","title":{"rendered":"Verabschiedung von Pastor G\u00fcnther Falkenberg"},"content":{"rendered":"\n<p>Sehr geehrter Herr Pastor Falkenberg!<\/p>\n\n\n\n<p>Sehr geehrte Damen und Herren!<\/p>\n\n\n\n<p>Wenn eine Kirchengemeinde ein Mitglied des Seelsorgeteams verabschiedet, so betrifft dieses Ereignis auch die politische Gemeinde, denn es gibt viele Schnittstellen zwischen den Pfarrgemeinden und der Stadt Beckum.&nbsp;Deshalb darf ich Ihnen, verehrter Pastor Falkenberg, heute im Namen der Stadt Beckum f\u00fcr alles danken, was Sie in den 9 Jahren Ihres Dienstes in Neubeckum f\u00fcr die Kirchengemeinde St. Franziskus und f\u00fcr die ganze Stadt Beckum getan haben.&nbsp;<\/p>\n\n\n\n<p>Wir sind uns in dieser Zeit bei vielen Gelegenheiten begegnet: Ob bei der Gratulation zu Geburtstagen und Jubil\u00e4en, bei Er\u00f6ffnungen und Umbauma\u00dfnahmen kirchlicher Einrichtungen oder wie zuletzt beim Freibadfest.&nbsp;Auch beim Moscheefest haben wir uns regelm\u00e4\u00dfig getroffen und damit komme ich zu einem Schwerpunkt Ihrer Arbeit. \u00d6kumene und interreligi\u00f6ser Dialog liegen Ihnen n\u00e4mlich in besonderer Weise am Herzen.&nbsp;<\/p>\n\n\n\n<!--more-->\n\n\n\n<p>In diesem Bereich haben Sie die Roncallischule in den vergangenen Jahren in besonderer Weise unterst\u00fctzt und viele Aktionen begleitet. Hier werden Sie eine L\u00fccke hinterlassen, die ganz sicher nicht so schnell zu schlie\u00dfen ist.&nbsp;Auch im Arbeitskreis interreligi\u00f6ser Dialog haben Sie aktiv mitgewirkt, z.B. bei der Er\u00f6ffnung des allj\u00e4hrlichen Festes der Kulturen, wo Sie das Gebet der christlichen Glaubensgemeinschaften gesprochen haben.&nbsp;<\/p>\n\n\n\n<p>Als Seelsorger haben Sie die Mitglieder der St. Franziskus-Gemeinde in vielen sch\u00f6nen, aber auch in schweren Stunden begleitet. So sind viele pers\u00f6nliche Beziehungen entstanden.Schon diese kleine Aufz\u00e4hlung macht deutlich, dass Ihr T\u00e4tigkeitsfeld breit war und so werden viele Neubeckumerinnen und Neubeckumer Sie vermissen, genauso wie Sie selbst sicherlich auch mit Wehmut gehen.&nbsp;<\/p>\n\n\n\n<p>W\u00e4hrend \u201enormale\u201c ArbeitnehmerInnen in Deutschland mit sp\u00e4testens 67 Jahren in den Ruhestand treten, scheint diese Altersgrenze f\u00fcr Priester nicht zu gelten, wobei in Ihrem Fall ohne Frage der Beruf aus Berufung ergriffen wurde, wodurch eine besondere Motivation entsteht. Als Pastor der Gemeinde St. Franziskus haben Sie auch in Ihrem Alter noch einen gut gef\u00fcllten Kalender gehabt. Mit der heutigen Verabschiedung k\u00f6nnen Sie einen Gang zur\u00fcckschalten, denn als Emeritus in der St. Marien-Gemeinde in Telgte werden Sie weniger Aufgaben wahrnehmen als bisher.&nbsp;<\/p>\n\n\n\n<p>Hierf\u00fcr w\u00fcnsche ich Ihnen, dass Sie mit Zufriedenheit auf Ihre aktive Zeit als Priester zur\u00fcckblicken, dass Sie es genie\u00dfen k\u00f6nnen, von den Pflichten und Aufgaben des Pastors befreit zu sein und dass Sie noch lange so gesund bleiben, dass Sie sich mit Freude Ihren Hobbys und Aktivit\u00e4ten widmen k\u00f6nnen.<\/p>\n","protected":false},"excerpt":{"rendered":"<p>Sehr geehrter Herr Pastor Falkenberg! Sehr geehrte Damen und Herren! Wenn eine Kirchengemeinde ein Mitglied des Seelsorgeteams verabschiedet, so betrifft dieses Ereignis auch die politische Gemeinde, denn es gibt viele Schnittstellen zwischen den Pfarrgemeinden und der Stadt Beckum.&nbsp;Deshalb darf ich Ihnen, verehrter Pastor Falkenberg, heute im Namen der Stadt Beckum f\u00fcr alles danken, was Sie [&hellip;]<\/p>\n","protected":false},"author":1,"featured_media":654,"comment_status":"open","ping_status":"open","sticky":false,"template":"","format":"standard","meta":{"footnotes":""},"categories":[17],"tags":[],"class_list":["post-615","post","type-post","status-publish","format-standard","has-post-thumbnail","hentry","category-integration"],"_links":{"self":[{"href":"http:\/\/rudolf-grothues.de\/index.php?rest_route=\/wp\/v2\/posts\/615","targetHints":{"allow":["GET"]}}],"collection":[{"href":"http:\/\/rudolf-grothues.de\/index.php?rest_route=\/wp\/v2\/posts"}],"about":[{"href":"http:\/\/rudolf-grothues.de\/index.php?rest_route=\/wp\/v2\/types\/post"}],"author":[{"embeddable":true,"href":"http:\/\/rudolf-grothues.de\/index.php?rest_route=\/wp\/v2\/users\/1"}],"replies":[{"embeddable":true,"href":"http:\/\/rudolf-grothues.de\/index.php?rest_route=%2Fwp%2Fv2%2Fcomments&post=615"}],"version-history":[{"count":2,"href":"http:\/\/rudolf-grothues.de\/index.php?rest_route=\/wp\/v2\/posts\/615\/revisions"}],"predecessor-version":[{"id":655,"href":"http:\/\/rudolf-grothues.de\/index.php?rest_route=\/wp\/v2\/posts\/615\/revisions\/655"}],"wp:featuredmedia":[{"embeddable":true,"href":"http:\/\/rudolf-grothues.de\/index.php?rest_route=\/wp\/v2\/media\/654"}],"wp:attachment":[{"href":"http:\/\/rudolf-grothues.de\/index.php?rest_route=%2Fwp%2Fv2%2Fmedia&parent=615"}],"wp:term":[{"taxonomy":"category","embeddable":true,"href":"http:\/\/rudolf-grothues.de\/index.php?rest_route=%2Fwp%2Fv2%2Fcategories&post=615"},{"taxonomy":"post_tag","embeddable":true,"href":"http:\/\/rudolf-grothues.de\/index.php?rest_route=%2Fwp%2Fv2%2Ftags&post=615"}],"curies":[{"name":"wp","href":"https:\/\/api.w.org\/{rel}","templated":true}]}}