{"id":416,"date":"2018-08-23T22:00:48","date_gmt":"2018-08-23T22:00:48","guid":{"rendered":"http:\/\/rudolf-grothues.de\/?p=416"},"modified":"2018-08-26T11:42:34","modified_gmt":"2018-08-26T11:42:34","slug":"magdus","status":"publish","type":"post","link":"http:\/\/rudolf-grothues.de\/?p=416","title":{"rendered":"Konzert: Wind und Meer \u2013 MAGDUS"},"content":{"rendered":"<div style=\"width: 640px;\" class=\"wp-video\"><video class=\"wp-video-shortcode\" id=\"video-416-1\" width=\"640\" height=\"360\" preload=\"metadata\" controls=\"controls\"><source type=\"video\/mp4\" src=\"http:\/\/rudolf-grothues.de\/wp-content\/uploads\/2018\/08\/RG-Kreta-1.m4v?_=1\" \/><a href=\"http:\/\/rudolf-grothues.de\/wp-content\/uploads\/2018\/08\/RG-Kreta-1.m4v\">http:\/\/rudolf-grothues.de\/wp-content\/uploads\/2018\/08\/RG-Kreta-1.m4v<\/a><\/video><\/div>\n<p>Ein tolles Konzert fand auf dem Hof des K\u00fcnstlers Ulrich M\u00f6ckel in Unterberg statt.<\/p>\n<figure id=\"attachment_420\" aria-describedby=\"caption-attachment-420\" style=\"width: 1280px\" class=\"wp-caption alignleft\"><img loading=\"lazy\" decoding=\"async\" class=\"size-full wp-image-420\" src=\"http:\/\/rudolf-grothues.de\/wp-content\/uploads\/2018\/08\/m\u00f6ckel-1.jpg\" alt=\"\" width=\"1280\" height=\"1083\" srcset=\"http:\/\/rudolf-grothues.de\/wp-content\/uploads\/2018\/08\/m\u00f6ckel-1.jpg 1280w, http:\/\/rudolf-grothues.de\/wp-content\/uploads\/2018\/08\/m\u00f6ckel-1-350x296.jpg 350w, http:\/\/rudolf-grothues.de\/wp-content\/uploads\/2018\/08\/m\u00f6ckel-1-300x254.jpg 300w, http:\/\/rudolf-grothues.de\/wp-content\/uploads\/2018\/08\/m\u00f6ckel-1-768x650.jpg 768w, http:\/\/rudolf-grothues.de\/wp-content\/uploads\/2018\/08\/m\u00f6ckel-1-1024x866.jpg 1024w\" sizes=\"auto, (max-width: 1280px) 100vw, 1280px\" \/><figcaption id=\"caption-attachment-420\" class=\"wp-caption-text\">Festivalleiterin Dr. Susanne Schulte, Ulrich M\u00f6ckel und seine Frau Dr. Andrea Brockmann u. stellv. B\u00fcrgermeister Dr. Rudolf Grothues (Foto: Sigrid Himmel)<\/figcaption><\/figure>\n<p>Ob es Kl\u00e4nge so frei, als seien sie k\u00f6rperlos, spielt, als wehte ein Wind, oder melancholisch s\u00fc\u00dfe, auch bittere Melodien und Harmonien von existenzieller Schwere, immer pr\u00e4gt K\u00f6nner- und Leidenschaft und ein profundes Einverst\u00e4ndnis den Auftritt von MagDu. Und da das preisgekr\u00f6nte Duo das ganze Leben in Originalwerken und Transkriptionen f\u00fcr Saxophon und Klavier preist, kommen \u00dcbermut und Humor, seliger Gesang, robuste Attacken und ekstatische Eskapaden oder klassisch Beschwingtes sowie jazzig Beswingtes in seinem Programm nicht zu kurz. Wer bei &#8222;Summertime&#8220; schwelgt und bei &#8222;I&#8217;ve got rhythm&#8220; groovt, erlebt mit MagDu gewiss auch Brahms&#8216; Tiefe und Heiterkeit und das, was Daniel Barenboim meinte, als er im Hinblick auf Debussys 100. Todestag in diesem Jahr \u00fcber den gro\u00dfen franz\u00f6sischen Neuerer der Musik (Die Welt, 25.03.2018) bemerkte: &#8222;Debussy ist, als ob Sie, wenn Sie Ihr Leben lang in den Bergen gewohnt haben, pl\u00f6tzlich am Meer stehen. Ohne es je vorher gesehen zu haben.&#8220;<\/p>\n","protected":false},"excerpt":{"rendered":"<p>Ein tolles Konzert fand auf dem Hof des K\u00fcnstlers Ulrich M\u00f6ckel in Unterberg statt. Ob es Kl\u00e4nge so frei, als seien sie k\u00f6rperlos, spielt, als wehte ein Wind, oder melancholisch s\u00fc\u00dfe, auch bittere Melodien und Harmonien von existenzieller Schwere, immer pr\u00e4gt K\u00f6nner- und Leidenschaft und ein profundes Einverst\u00e4ndnis den Auftritt von MagDu. Und da das [&hellip;]<\/p>\n","protected":false},"author":1,"featured_media":0,"comment_status":"open","ping_status":"open","sticky":false,"template":"","format":"standard","meta":{"footnotes":""},"categories":[7,1],"tags":[],"class_list":["post-416","post","type-post","status-publish","format-standard","hentry","category-kunst-kultur","category-ohne"],"_links":{"self":[{"href":"http:\/\/rudolf-grothues.de\/index.php?rest_route=\/wp\/v2\/posts\/416","targetHints":{"allow":["GET"]}}],"collection":[{"href":"http:\/\/rudolf-grothues.de\/index.php?rest_route=\/wp\/v2\/posts"}],"about":[{"href":"http:\/\/rudolf-grothues.de\/index.php?rest_route=\/wp\/v2\/types\/post"}],"author":[{"embeddable":true,"href":"http:\/\/rudolf-grothues.de\/index.php?rest_route=\/wp\/v2\/users\/1"}],"replies":[{"embeddable":true,"href":"http:\/\/rudolf-grothues.de\/index.php?rest_route=%2Fwp%2Fv2%2Fcomments&post=416"}],"version-history":[{"count":5,"href":"http:\/\/rudolf-grothues.de\/index.php?rest_route=\/wp\/v2\/posts\/416\/revisions"}],"predecessor-version":[{"id":422,"href":"http:\/\/rudolf-grothues.de\/index.php?rest_route=\/wp\/v2\/posts\/416\/revisions\/422"}],"wp:attachment":[{"href":"http:\/\/rudolf-grothues.de\/index.php?rest_route=%2Fwp%2Fv2%2Fmedia&parent=416"}],"wp:term":[{"taxonomy":"category","embeddable":true,"href":"http:\/\/rudolf-grothues.de\/index.php?rest_route=%2Fwp%2Fv2%2Fcategories&post=416"},{"taxonomy":"post_tag","embeddable":true,"href":"http:\/\/rudolf-grothues.de\/index.php?rest_route=%2Fwp%2Fv2%2Ftags&post=416"}],"curies":[{"name":"wp","href":"https:\/\/api.w.org\/{rel}","templated":true}]}}