{"id":281,"date":"2009-04-29T13:36:17","date_gmt":"2009-04-29T13:36:17","guid":{"rendered":"http:\/\/rudi.puettstadt.de\/?p=281"},"modified":"2018-06-21T13:37:23","modified_gmt":"2018-06-21T13:37:23","slug":"henning-scherf-zu-gast-im-muetterzentrum","status":"publish","type":"post","link":"http:\/\/rudolf-grothues.de\/?p=281","title":{"rendered":"Henning Scherf zu Gast im M\u00fctterzentrum"},"content":{"rendered":"<div class=\"articleText1\">\n<figure id=\"attachment_282\" aria-describedby=\"caption-attachment-282\" style=\"width: 493px\" class=\"wp-caption aligncenter\"><img loading=\"lazy\" decoding=\"async\" class=\"size-full wp-image-282\" src=\"http:\/\/rudi.puettstadt.de\/wp-content\/uploads\/2018\/06\/image-73.png\" alt=\"\" width=\"493\" height=\"649\" srcset=\"http:\/\/rudolf-grothues.de\/wp-content\/uploads\/2018\/06\/image-73.png 493w, http:\/\/rudolf-grothues.de\/wp-content\/uploads\/2018\/06\/image-73-350x461.png 350w, http:\/\/rudolf-grothues.de\/wp-content\/uploads\/2018\/06\/image-73-228x300.png 228w\" sizes=\"auto, (max-width: 493px) 100vw, 493px\" \/><figcaption id=\"caption-attachment-282\" class=\"wp-caption-text\">Henning Scherf und Rudolf Grothues vor dem Beckumer Rathaus<\/figcaption><\/figure>\n<p>Auf meine Einladung hin nutzte der langj\u00e4hrige Bremer B\u00fcrgermeister Dr. Henning Scherf seinen Besuch in Beckum, um auch das gerade neu bezogene Mehrgenerationenhaus \u2013 M\u00fctterzentrum zu besichtigen. Besonders bewundert hat er die Tatsache, dass sich alle so schnell in den neuen R\u00e4umlichkeiten eingelebt haben und dass bei allen Beteiligten im Haus die enorme Bereitschaft zum ehrenamtlichen Engagement sp\u00fcrbar war. Nach einem ausgiebigen Rundgang stellten die Vorstandsfrauen Martina Wiesrecker, Lisa Heese und Brigitte Bublies-Tielker sowie die Mitarbeiterin Tessa Rentrup-Wintergalen die Geschichte und die Arbeit der Einrichtung dar. Besonders interessant ist die gute Kombination von vielen ehrenamtlichen Kr\u00e4ften aber auch der Mitarbeit von ausgebildetem Personal. Das M\u00fctterzentrum hat sich seit 1987 von einem reinen Selbsthilfetr\u00e4ger zu einem professionellen Anbieter im Bereich vieler sozialer Dienste entwickelt.<\/p>\n<\/div>\n<p><!--more--><\/p>\n<div class=\"articleText2\">\n<p>Seit 2007 ist es als Mehrgenerationenhaus anerkannt. F\u00fcr Henning Scherf und f\u00fcr mich wurde nochmals deutlich, wie wichtig diese Einrichtung f\u00fcr Beckum und die Region ist. Gerade auch die Generationen \u00fcbergreifende Arbeit im \u201eStammhaus\u201c an der Wilhelmstra\u00dfe ist zukunftsweisend.<\/p>\n<p>Die Zahl der aktiven \u00e4lteren Menschen in unserer Gesellschaft wird weiter zunehmen, und es ist f\u00fcr alle ein Gewinn, wenn diese Potenziale nicht ungenutzt bleiben, sondern sich aktiv in die Gemeinschaft einbringen k\u00f6nnen. Gleichzeitig hilft der Besuchs- und Betreuungsdienst f\u00fcr Senioren vielen Menschen ihre angestammte Heimat und Wohnung weiter zu nutzen, um so einem Aufenthalt in einem Heim oder Tagesst\u00e4tte zu entfliehen. Dadurch wird zus\u00e4tzlich auch unser System finanziell entlastet. Henning Scherf, dessen wichtigstes gesellschaftliches Thema derzeit das Miteinanderleben der Generationen ist \u2013 er lebt selbst in einer Wohngemeinschaft mit Menschen unterschiedlichen Alters \u2013 war von diesem Besuch sehr beeindruckend, so dass er w\u00e4hrend seines Vortrags am Abend im Berufskolleg mehrmals dieses positive Beispiel ansprach. Den Besuch begleitet haben au\u00dferdem die Stadtverbandsvositzende Dagmar Arnkens-Homann sowie die Ratskollegen Birgit Harrendorf-Vorl\u00e4nder, Maria Sudbrock und Peter Tripmaker.<\/p>\n<\/div>\n","protected":false},"excerpt":{"rendered":"<p>Auf meine Einladung hin nutzte der langj\u00e4hrige Bremer B\u00fcrgermeister Dr. Henning Scherf seinen Besuch in Beckum, um auch das gerade neu bezogene Mehrgenerationenhaus \u2013 M\u00fctterzentrum zu besichtigen. Besonders bewundert hat er die Tatsache, dass sich alle so schnell in den neuen R\u00e4umlichkeiten eingelebt haben und dass bei allen Beteiligten im Haus die enorme Bereitschaft zum [&hellip;]<\/p>\n","protected":false},"author":1,"featured_media":0,"comment_status":"open","ping_status":"open","sticky":false,"template":"","format":"standard","meta":{"footnotes":""},"categories":[9,15],"tags":[],"class_list":["post-281","post","type-post","status-publish","format-standard","hentry","category-partei","category-soziales"],"_links":{"self":[{"href":"http:\/\/rudolf-grothues.de\/index.php?rest_route=\/wp\/v2\/posts\/281","targetHints":{"allow":["GET"]}}],"collection":[{"href":"http:\/\/rudolf-grothues.de\/index.php?rest_route=\/wp\/v2\/posts"}],"about":[{"href":"http:\/\/rudolf-grothues.de\/index.php?rest_route=\/wp\/v2\/types\/post"}],"author":[{"embeddable":true,"href":"http:\/\/rudolf-grothues.de\/index.php?rest_route=\/wp\/v2\/users\/1"}],"replies":[{"embeddable":true,"href":"http:\/\/rudolf-grothues.de\/index.php?rest_route=%2Fwp%2Fv2%2Fcomments&post=281"}],"version-history":[{"count":1,"href":"http:\/\/rudolf-grothues.de\/index.php?rest_route=\/wp\/v2\/posts\/281\/revisions"}],"predecessor-version":[{"id":283,"href":"http:\/\/rudolf-grothues.de\/index.php?rest_route=\/wp\/v2\/posts\/281\/revisions\/283"}],"wp:attachment":[{"href":"http:\/\/rudolf-grothues.de\/index.php?rest_route=%2Fwp%2Fv2%2Fmedia&parent=281"}],"wp:term":[{"taxonomy":"category","embeddable":true,"href":"http:\/\/rudolf-grothues.de\/index.php?rest_route=%2Fwp%2Fv2%2Fcategories&post=281"},{"taxonomy":"post_tag","embeddable":true,"href":"http:\/\/rudolf-grothues.de\/index.php?rest_route=%2Fwp%2Fv2%2Ftags&post=281"}],"curies":[{"name":"wp","href":"https:\/\/api.w.org\/{rel}","templated":true}]}}