{"id":278,"date":"2009-06-22T13:32:45","date_gmt":"2009-06-22T13:32:45","guid":{"rendered":"http:\/\/rudi.puettstadt.de\/?p=278"},"modified":"2018-06-21T13:33:36","modified_gmt":"2018-06-21T13:33:36","slug":"kommunalpolitisches-fruehstueck-mit-reinhard-schultz","status":"publish","type":"post","link":"http:\/\/rudolf-grothues.de\/?p=278","title":{"rendered":"Kommunalpolitisches Fr\u00fchst\u00fcck mit Reinhard Schultz"},"content":{"rendered":"<div class=\"articleText1\">\n<p><img loading=\"lazy\" decoding=\"async\" class=\"aligncenter size-full wp-image-279\" src=\"http:\/\/rudi.puettstadt.de\/wp-content\/uploads\/2018\/06\/image-72.png\" alt=\"\" width=\"366\" height=\"549\" srcset=\"http:\/\/rudolf-grothues.de\/wp-content\/uploads\/2018\/06\/image-72.png 366w, http:\/\/rudolf-grothues.de\/wp-content\/uploads\/2018\/06\/image-72-350x525.png 350w, http:\/\/rudolf-grothues.de\/wp-content\/uploads\/2018\/06\/image-72-200x300.png 200w\" sizes=\"auto, (max-width: 366px) 100vw, 366px\" \/>Zum 12. und zum letzten Mal hat der Bundestagsabgeordnete der SPD im Kreis Warendorf, Reinhard Schultz, sein kommunalpolitisches Fr\u00fchst\u00fcck stattfinden lassen. Und es zeugt von guter Verbundenheit mit dem SPD-Stadtverband Beckum, dass dieses in Beckum stattfand, und zwar in den R\u00e4umlichkeiten der Freckenhorster Werkst\u00e4tten im Gewerbepark Gr\u00fcner Weg. Reinhard Schultz ging in seinem Vortrag noch einmal auf die Ausl\u00f6ser und die Auswirkungen der Finanz- und Wirtschaftskrise ein. Derzeit sind seri\u00f6se Prognosen zwar nicht m\u00f6glich, doch sei m\u00f6glicherweise im Laufe des n\u00e4chsten Jahres ein Hoffnungsschimmer zu erwarten, allerdings wohl weniger im Bereich der Arbeitslosenentwicklung. Diese hinke immer etwas der wirtschaftlichen Entwicklung hinterher, so dass hier die schlechten Zahlen erst noch folgen werden.<\/p>\n<\/div>\n<p><!--more--><\/p>\n<div class=\"articleText2\">\n<p>In einem Gru\u00dfwort konnte der Ortsvereinsvorsitzend und B\u00fcrgermeisterkandidat der SPD in Beckum, Dr. Rudolf Grothues, deutlich machen, dass f\u00fcr ihn die SPD in Beckum nicht als Verlierer aus der Europawahl hervorgegangen ist, sondern eigentlich die CDU der Wahlverlierer sei, da sie immerhin 7 %-Punkte verloren hat. Er ist zuversichtlich, dass im Laufe der n\u00e4chsten Wochen die Partei alle Kr\u00e4fte mobilisieren wird, um am Ende als &#8222;Erster&#8220; aus dem Rennen zu gehen. Rudolf Grothues k\u00e4mpft f\u00fcr eine neue Mehrheit im Rat und f\u00fcr ihn als neuen B\u00fcrgermeister in der Stadt.<br \/>\nZwar war die Veranstaltung nicht als Abschied von Reinhard Schultz geplant, doch nutzten zahlreiche Anwesende Parteimitglieder sowie B\u00fcrgerinnen und B\u00fcrger den Morgen, um einige Dankesworte an Reinhard Schultz zu richten.<br \/>\nZur Erinnerung an die Stadt Beckum und den SPD-Stadtverband Beckum \u00fcberreichte Rudolf Grothues dem Bundestagsabgeordneten abschlie\u00dfend einen Regenschirm und ein Badehandtuch mit dem Stadtwappen. &#8222;Auf das er immer &#8222;gut beschirmt&#8220; in die Zukunft gehe&#8220;.<\/p>\n<\/div>\n","protected":false},"excerpt":{"rendered":"<p>Zum 12. und zum letzten Mal hat der Bundestagsabgeordnete der SPD im Kreis Warendorf, Reinhard Schultz, sein kommunalpolitisches Fr\u00fchst\u00fcck stattfinden lassen. Und es zeugt von guter Verbundenheit mit dem SPD-Stadtverband Beckum, dass dieses in Beckum stattfand, und zwar in den R\u00e4umlichkeiten der Freckenhorster Werkst\u00e4tten im Gewerbepark Gr\u00fcner Weg. Reinhard Schultz ging in seinem Vortrag noch [&hellip;]<\/p>\n","protected":false},"author":1,"featured_media":0,"comment_status":"open","ping_status":"open","sticky":false,"template":"","format":"standard","meta":{"footnotes":""},"categories":[9],"tags":[],"class_list":["post-278","post","type-post","status-publish","format-standard","hentry","category-partei"],"_links":{"self":[{"href":"http:\/\/rudolf-grothues.de\/index.php?rest_route=\/wp\/v2\/posts\/278","targetHints":{"allow":["GET"]}}],"collection":[{"href":"http:\/\/rudolf-grothues.de\/index.php?rest_route=\/wp\/v2\/posts"}],"about":[{"href":"http:\/\/rudolf-grothues.de\/index.php?rest_route=\/wp\/v2\/types\/post"}],"author":[{"embeddable":true,"href":"http:\/\/rudolf-grothues.de\/index.php?rest_route=\/wp\/v2\/users\/1"}],"replies":[{"embeddable":true,"href":"http:\/\/rudolf-grothues.de\/index.php?rest_route=%2Fwp%2Fv2%2Fcomments&post=278"}],"version-history":[{"count":1,"href":"http:\/\/rudolf-grothues.de\/index.php?rest_route=\/wp\/v2\/posts\/278\/revisions"}],"predecessor-version":[{"id":280,"href":"http:\/\/rudolf-grothues.de\/index.php?rest_route=\/wp\/v2\/posts\/278\/revisions\/280"}],"wp:attachment":[{"href":"http:\/\/rudolf-grothues.de\/index.php?rest_route=%2Fwp%2Fv2%2Fmedia&parent=278"}],"wp:term":[{"taxonomy":"category","embeddable":true,"href":"http:\/\/rudolf-grothues.de\/index.php?rest_route=%2Fwp%2Fv2%2Fcategories&post=278"},{"taxonomy":"post_tag","embeddable":true,"href":"http:\/\/rudolf-grothues.de\/index.php?rest_route=%2Fwp%2Fv2%2Ftags&post=278"}],"curies":[{"name":"wp","href":"https:\/\/api.w.org\/{rel}","templated":true}]}}