{"id":272,"date":"2009-11-08T13:24:40","date_gmt":"2009-11-08T13:24:40","guid":{"rendered":"http:\/\/rudi.puettstadt.de\/?p=272"},"modified":"2018-06-21T13:25:57","modified_gmt":"2018-06-21T13:25:57","slug":"alte-gaertnerei-eroeffnet","status":"publish","type":"post","link":"http:\/\/rudolf-grothues.de\/?p=272","title":{"rendered":"Alte G\u00e4rtnerei er\u00f6ffnet"},"content":{"rendered":"<div class=\"articleText1\">\n<figure id=\"attachment_273\" aria-describedby=\"caption-attachment-273\" style=\"width: 524px\" class=\"wp-caption alignnone\"><img loading=\"lazy\" decoding=\"async\" class=\"size-full wp-image-273\" src=\"http:\/\/rudi.puettstadt.de\/wp-content\/uploads\/2018\/06\/image-70.png\" alt=\"\" width=\"524\" height=\"349\" srcset=\"http:\/\/rudolf-grothues.de\/wp-content\/uploads\/2018\/06\/image-70.png 524w, http:\/\/rudolf-grothues.de\/wp-content\/uploads\/2018\/06\/image-70-350x233.png 350w, http:\/\/rudolf-grothues.de\/wp-content\/uploads\/2018\/06\/image-70-300x200.png 300w\" sizes=\"auto, (max-width: 524px) 100vw, 524px\" \/><figcaption id=\"caption-attachment-273\" class=\"wp-caption-text\">Karin Burtzlaff (Vorsitzende des Vereins fuer-ein-ander), Franz Josef Buschkamp (stellv. Landrat), Michael Wedershoven (Leiter der LWL-Behindertenhilfe), Dr. Rudolf Grothues (stellv. B\u00fcrgermeister) und Hubert Stratmann (Leiter Betreutes Wohnen)<\/figcaption><\/figure>\n<p>Unter dem Namen &#8222;Alte G\u00e4rtnerei&#8220; ist ein neues Zentrum f\u00fcr Begegnung, Beratung, Therapie und Wohnen in Beckum er\u00f6ffnet worden. Tr\u00e4ger ist der Verein fuer-ein-ander, der schon vor 8 Jahren das Schwester-Blanda-Haus er\u00f6ffnet hat. Mit gro\u00dfer Freude durfte ich hier ein Gru\u00dfwort sprechen:<\/p>\n<p>Sehr geehrte Frau Burtzlaff, sehr geehrter Herr Buschkamp, sehr geehrter Herr Wedershoven, sehr geehrter Herr Z\u00f6ller, meine sehr verehrten Damen und Herren,<\/p>\n<p>ich begr\u00fc\u00dfe Sie im Namen der Stadt Beckum ganz herzlich.<br \/>\nEs ist mir eine gro\u00dfe Freude, heute hier stehen zu d\u00fcrfen und<br \/>\nich gratuliere Ihnen, liebe Karin Burtzlaff, stellvertretend f\u00fcr den ganzen Verein \u201eFuer-ein-ander\u201c, zu dieser neuen Einrichtung f\u00fcr Beckum.<\/p>\n<p>Es ist gerade einmal acht Jahre her, da wurde das Schwester-Blanda-Haus er\u00f6ffnet, eine Wohnst\u00e4tte f\u00fcr Menschen mit Behinderungen. Mit der \u201eAlten G\u00e4rtnerei\u201c haben Sie nun f\u00fcr Beckum eine wichtige Erg\u00e4nzung zum Schwester-Blanda-Haus geschaffen: ein soziales Zentrum, wo Menschen mit Behinderungen und ihre Angeh\u00f6rigen Unterst\u00fctzung bekommen, vielf\u00e4ltige Angebote und kompetente Ansprechpartner geb\u00fcndelt sind, wo sie eine erste Anlaufstelle finden und auch ein neues Zuhause.<\/p>\n<\/div>\n<p><!--more--><\/p>\n<div class=\"articleText2\">\n<p>Sie unterst\u00fctzen beim Abnabelungsprozess aus der Familie, sie bieten verschiedene Therapien an, sie sind ein offenes Haus, und das in unmittelbarer N\u00e4he zur Innenstadt.<\/p>\n<p>Der Verein \u201efuer-ein-ander\u201c hat daf\u00fcr viele Hebel in Bewegung gesetzt. Sie haben gro\u00dfz\u00fcgige Spenden von mehreren Stiftungen erhalten, die ihr Geld damit sehr gut angelegt haben. Ihr Verein hat f\u00fcr Beckum und die Menschen mit Behinderungen etwas Gro\u00dfartiges erreicht: ein Haus, das f\u00fcr alle offen steht, dass Hilfestellungen anbietet, dass Kommunikation m\u00f6glich macht, man ist im wahrsten Sinne des Wortes f\u00fcr-einander da.<\/p>\n<p>In Ihren selbst aufgestellten Leitlinien beschreiben Sie Ihren Ansatz und Ihren Antrieb f\u00fcr Ihre Arbeit. Sie gehen unvoreingenommen auf alle Menschen zu und unterst\u00fctzen gezielt bei der Selbsthilfe.<br \/>\nSie sorgen daf\u00fcr, dass die, die gemeinhin als die Schw\u00e4cheren in unserer Gesellschaft gelten, Geh\u00f6r finden, dass sie an der Gesellschaft teilhaben k\u00f6nnen, dass sie ein selbst bestimmtes Leben f\u00fchren k\u00f6nnen, und nicht am Rande der Gesellschaft stehen m\u00fcssen und vereinsamen.<br \/>\nSie nehmen die Bed\u00fcrfnisse der Menschen ernst. Und dadurch entsteht Vertrauen \u2013 eine wichtige Basis f\u00fcr ein mitmenschliches und w\u00fcrdevolles Miteinander.<\/p>\n<p>Die Tatsache, dass Sie heute dieses sch\u00f6ne Haus er\u00f6ffnen, ist ein Beweis daf\u00fcr, dass Ihre Leitlinien keine Worth\u00fclsen sind. Sie haben sehr daf\u00fcr gek\u00e4mpft, das verdient unsere volle Anerkennung und unseren ausdr\u00fccklichen Dank.<\/p>\n<p>Ich w\u00fcnsche der \u201eAlten G\u00e4rtnerei\u201c, dass das zarte Pfl\u00e4nzchen des menschlichen Miteinander hier immer gut gedeiht und eine starke Pflanze wird, die selbstbewusst ihre helfenden \u00c4ste in unsere Beckumer Gesellschaft ausstreckt.<\/p>\n<p>Ich bin sicher, dass alle Menschen sich hier wohl f\u00fchlen,<br \/>\ndass Sie hier ein Zuhause haben,<br \/>\nimmer ein offenes Ohr finden<br \/>\nund eine helfende Hand ergreifen k\u00f6nnen.<\/p>\n<p>Ich w\u00fcnsche dem Haus und dem Verein \u201efuer-ein-ander\u201c viel, viel Erfolg!<br \/>\nUnd ich bin pers\u00f6nlich sehr stolz, dass die Stadt Beckum so einen tollen und engagierten Verein in ihren Grenzen hat und ich bin stolz darauf, dass ich einen Teil der Vereinsmitglieder schon kenne und freue mich darauf, den Rest auch noch kennen zu lernen.<br \/>\nVielen Dank f\u00fcr Ihre Aufmerksamkeit!<\/p>\n<p>Weitere Informationen unter <a href=\"http:\/\/www.fuer-ein-ander.de\/\">fuer-ein-ander<\/a><\/p>\n<\/div>\n","protected":false},"excerpt":{"rendered":"<p>Unter dem Namen &#8222;Alte G\u00e4rtnerei&#8220; ist ein neues Zentrum f\u00fcr Begegnung, Beratung, Therapie und Wohnen in Beckum er\u00f6ffnet worden. Tr\u00e4ger ist der Verein fuer-ein-ander, der schon vor 8 Jahren das Schwester-Blanda-Haus er\u00f6ffnet hat. Mit gro\u00dfer Freude durfte ich hier ein Gru\u00dfwort sprechen: Sehr geehrte Frau Burtzlaff, sehr geehrter Herr Buschkamp, sehr geehrter Herr Wedershoven, sehr [&hellip;]<\/p>\n","protected":false},"author":1,"featured_media":0,"comment_status":"open","ping_status":"open","sticky":false,"template":"","format":"standard","meta":{"footnotes":""},"categories":[15],"tags":[],"class_list":["post-272","post","type-post","status-publish","format-standard","hentry","category-soziales"],"_links":{"self":[{"href":"http:\/\/rudolf-grothues.de\/index.php?rest_route=\/wp\/v2\/posts\/272","targetHints":{"allow":["GET"]}}],"collection":[{"href":"http:\/\/rudolf-grothues.de\/index.php?rest_route=\/wp\/v2\/posts"}],"about":[{"href":"http:\/\/rudolf-grothues.de\/index.php?rest_route=\/wp\/v2\/types\/post"}],"author":[{"embeddable":true,"href":"http:\/\/rudolf-grothues.de\/index.php?rest_route=\/wp\/v2\/users\/1"}],"replies":[{"embeddable":true,"href":"http:\/\/rudolf-grothues.de\/index.php?rest_route=%2Fwp%2Fv2%2Fcomments&post=272"}],"version-history":[{"count":1,"href":"http:\/\/rudolf-grothues.de\/index.php?rest_route=\/wp\/v2\/posts\/272\/revisions"}],"predecessor-version":[{"id":274,"href":"http:\/\/rudolf-grothues.de\/index.php?rest_route=\/wp\/v2\/posts\/272\/revisions\/274"}],"wp:attachment":[{"href":"http:\/\/rudolf-grothues.de\/index.php?rest_route=%2Fwp%2Fv2%2Fmedia&parent=272"}],"wp:term":[{"taxonomy":"category","embeddable":true,"href":"http:\/\/rudolf-grothues.de\/index.php?rest_route=%2Fwp%2Fv2%2Fcategories&post=272"},{"taxonomy":"post_tag","embeddable":true,"href":"http:\/\/rudolf-grothues.de\/index.php?rest_route=%2Fwp%2Fv2%2Ftags&post=272"}],"curies":[{"name":"wp","href":"https:\/\/api.w.org\/{rel}","templated":true}]}}