{"id":263,"date":"2010-09-17T12:56:34","date_gmt":"2010-09-17T12:56:34","guid":{"rendered":"http:\/\/rudi.puettstadt.de\/?p=263"},"modified":"2018-06-21T12:57:21","modified_gmt":"2018-06-21T12:57:21","slug":"50-jahre-realschule-beckum","status":"publish","type":"post","link":"http:\/\/rudolf-grothues.de\/?p=263","title":{"rendered":"50 Jahre Realschule Beckum"},"content":{"rendered":"<div class=\"articleText1\">\n<figure id=\"attachment_264\" aria-describedby=\"caption-attachment-264\" style=\"width: 524px\" class=\"wp-caption alignnone\"><img loading=\"lazy\" decoding=\"async\" class=\"size-full wp-image-264\" src=\"http:\/\/rudi.puettstadt.de\/wp-content\/uploads\/2018\/06\/image-67.png\" alt=\"\" width=\"524\" height=\"349\" srcset=\"http:\/\/rudolf-grothues.de\/wp-content\/uploads\/2018\/06\/image-67.png 524w, http:\/\/rudolf-grothues.de\/wp-content\/uploads\/2018\/06\/image-67-350x233.png 350w, http:\/\/rudolf-grothues.de\/wp-content\/uploads\/2018\/06\/image-67-300x200.png 300w\" sizes=\"auto, (max-width: 524px) 100vw, 524px\" \/><figcaption id=\"caption-attachment-264\" class=\"wp-caption-text\">(Foto: W. Krogmeier)<\/figcaption><\/figure>\n<p>Liebe Sch\u00fclerinnen und Sch\u00fcler, sehr geehrte Frau Dr. Hilbk, sehr geehrtes Kollegium, sehr geehrter Herr Prof. Dr. Rarey, sehr geehrte Damen und Herren!<br \/>\nIch begr\u00fc\u00dfe Euch und Sie alle sehr herzlich im Namen der Stadt Beckum und gratuliere zum 50. Geburtstag dieser, Eurer, Ihrer Schule!<\/p>\n<p>Die St\u00e4dtische Realschule steht seit einiger Zeit unter dem Zeichen des Hakens. Ein neues Logo! Wof\u00fcr steht dieser Haken? Provokativ gefragt: Wird die Bildung da abgehakt? Haken die Sch\u00fclerinnen und Sch\u00fcler hier ihre Zeit ab?<br \/>\nKlar geantwortet: Nein. Den Eindruck hat man von dieser Schule beileibe nicht. Der Haken bedeutet wohl vielmehr Folgendes: Diese Schule ist schwer in Ordnung. Der Haken steht f\u00fcr ein dickes Okay, hier kann man gut lernen. Hier gelangt man zum Ziel der mittleren Reife, hier haben die Sch\u00fclerinnen und Sch\u00fcler gute Chancen am Ende mit einem guten Ergebnis dazustehen, mit einem Haken hinter der Schulausbildung, der sie reif gemacht hat f\u00fcr eine Ausbildung, f\u00fcr die weitere Schulausbildung. Der Haken steht f\u00fcr: gut gemacht, geschafft, weiter so!<\/p>\n<\/div>\n<p><!--more--><\/p>\n<div class=\"articleText2\">\n<p>1960, als diese Schule gegr\u00fcndet wurde, war Schule noch anders: es gab kaum Fremdsprachenunterricht, keine Computer, keine AGs. In f\u00fcnfzig Jahren hat sich auch hier vieles ver\u00e4ndert. Heute ist die Schule ein gutes Beispiel f\u00fcr vielf\u00e4ltiges Lernen. Ob Sch\u00fcleraustausch mit der Beckumer Partnerstadt La Celle Saint-Cloud, der sehr rege betrieben wird (im n\u00e4chsten Monat steht ja wieder eine Fahrt nach Frankreich an) , die Ski-AG oder die Kletter-AG, die Einsteiniade, tolle Exkursionen, Berufsberatung und nicht zu vergessen: die aufsehenerregenden Roboterwettbewerbe.<\/p>\n<p>Schule und damit auch die mit f\u00fcnfzig Jahren noch junge Realschule ist weit mehr als das B\u00fcffeln von Vokabeln, Algorithmen oder chemischen Formeln. Die Sch\u00fcler werden an viele Bereiche herangef\u00fchrt. Sie k\u00f6nnen ihre Sprachkenntnisse im direkten Kontakt ausbauen und vertiefen. Sie k\u00f6nnen ihre naturwissenschaftlichen F\u00e4higkeiten und Leistungen in \u00fcberregionalen Wettbewerben unter Beweis stellen. Sie k\u00f6nnen sich in den h\u00f6heren Jahrg\u00e4ngen ihren Stundenplan an die eigenen Vorlieben und Talente anpassen. Da sind nat\u00fcrlich auch die vielen AGs, die sich den individuellen Neigungen und von Schule nicht zwingend abgefragten Talenten widmen. Heute ist Schule ein Ort mit hoher Aufenthaltsqualit\u00e4t, ein Ort, wo viel deutlicher f\u00fcrs Leben, nicht f\u00fcr die gute Note im Fach, also f\u00fcr die Schule gelernt wird. So sollte Schule jedenfalls heute sein. Und ich glaube, mit der Realschule Beckum haben wir ein gutes Beispiel daf\u00fcr.<\/p>\n<p>\u201eNicht f\u00fcr die Schule, f\u00fcrs Leben lernen wir.\u201c Dieser Satz trifft auf Schule von heute also durchaus im doppelten Sinne zu. Nat\u00fcrlich kann man den Haken, den ich gerade schon erw\u00e4hnt habe, nicht allein auf die Schule abw\u00e4lzen. Hier kann nicht alles \u2013 im positiven Sinne \u2013 abgehakt, also abgearbeitet werden. Wir alle sind gefordert, unsere jungen Menschen zu m\u00fcndigen, erfolgreichen, zufriedenen B\u00fcrgerinnen und B\u00fcrgern heranwachsen zu lassen. Das ist weiterhin eine besondere gesellschaftliche Herausforderung.<\/p>\n<p>Die St\u00e4dtische Realschule hat vor kanpp drei Wochen 93 neue Sch\u00fclerinnen und Sch\u00fcler aufgenommen, die hier nach den Jahren in der Grundschule auf neue F\u00e4cher sto\u00dfen, wie Biologie, Physik, Erdkunde oder Geschichte. Und die an dem lebendigen und vielf\u00e4ltigen Schulprogramm au\u00dferhalb des Stundenplans teilnehmen werden.<br \/>\nAuch denen sei dieser Satz mit auf den Weg gegeben. Ein Haken, eine gute Note, ist nicht alles. F\u00fcrs Leben lernen wir.<br \/>\nNicht jeder wird ein so hohes Ziel erreichen oder vor Augen haben wie der Gastredner des heutigen Tages. Er hat zweifellos eine besondere Karriere geschafft und er ist doch ein gutes Beispiel f\u00fcr das, was nach der Schule noch so alles kommen mag. Bildung sollte niemals abgehakt, sondern als etwas Angenehmes betrachtet werden, als etwas, das sich bezahlt macht, das einen Okay-Haken verdient.<br \/>\nF\u00fcr die heutige Festveranstaltung w\u00fcnsche ich allen unterhaltsame und sch\u00f6ne Stunden und der Realschule Beckum alles Gute f\u00fcr die n\u00e4chsten 50 Jahre.<\/p>\n<\/div>\n","protected":false},"excerpt":{"rendered":"<p>Liebe Sch\u00fclerinnen und Sch\u00fcler, sehr geehrte Frau Dr. Hilbk, sehr geehrtes Kollegium, sehr geehrter Herr Prof. Dr. Rarey, sehr geehrte Damen und Herren! Ich begr\u00fc\u00dfe Euch und Sie alle sehr herzlich im Namen der Stadt Beckum und gratuliere zum 50. Geburtstag dieser, Eurer, Ihrer Schule! Die St\u00e4dtische Realschule steht seit einiger Zeit unter dem Zeichen [&hellip;]<\/p>\n","protected":false},"author":1,"featured_media":0,"comment_status":"open","ping_status":"open","sticky":false,"template":"","format":"standard","meta":{"footnotes":""},"categories":[11],"tags":[],"class_list":["post-263","post","type-post","status-publish","format-standard","hentry","category-schule"],"_links":{"self":[{"href":"http:\/\/rudolf-grothues.de\/index.php?rest_route=\/wp\/v2\/posts\/263","targetHints":{"allow":["GET"]}}],"collection":[{"href":"http:\/\/rudolf-grothues.de\/index.php?rest_route=\/wp\/v2\/posts"}],"about":[{"href":"http:\/\/rudolf-grothues.de\/index.php?rest_route=\/wp\/v2\/types\/post"}],"author":[{"embeddable":true,"href":"http:\/\/rudolf-grothues.de\/index.php?rest_route=\/wp\/v2\/users\/1"}],"replies":[{"embeddable":true,"href":"http:\/\/rudolf-grothues.de\/index.php?rest_route=%2Fwp%2Fv2%2Fcomments&post=263"}],"version-history":[{"count":1,"href":"http:\/\/rudolf-grothues.de\/index.php?rest_route=\/wp\/v2\/posts\/263\/revisions"}],"predecessor-version":[{"id":265,"href":"http:\/\/rudolf-grothues.de\/index.php?rest_route=\/wp\/v2\/posts\/263\/revisions\/265"}],"wp:attachment":[{"href":"http:\/\/rudolf-grothues.de\/index.php?rest_route=%2Fwp%2Fv2%2Fmedia&parent=263"}],"wp:term":[{"taxonomy":"category","embeddable":true,"href":"http:\/\/rudolf-grothues.de\/index.php?rest_route=%2Fwp%2Fv2%2Fcategories&post=263"},{"taxonomy":"post_tag","embeddable":true,"href":"http:\/\/rudolf-grothues.de\/index.php?rest_route=%2Fwp%2Fv2%2Ftags&post=263"}],"curies":[{"name":"wp","href":"https:\/\/api.w.org\/{rel}","templated":true}]}}