{"id":260,"date":"2010-09-19T12:56:03","date_gmt":"2010-09-19T12:56:03","guid":{"rendered":"http:\/\/rudi.puettstadt.de\/?p=260"},"modified":"2018-06-21T13:48:02","modified_gmt":"2018-06-21T13:48:02","slug":"der-beckumer-fuerst-war-nicht-allein","status":"publish","type":"post","link":"http:\/\/rudolf-grothues.de\/?p=260","title":{"rendered":"\u201eDer Beckumer F\u00fcrst war nicht allein\u2026&#8220;"},"content":{"rendered":"<div class=\"articleText1\">\n<figure id=\"attachment_261\" aria-describedby=\"caption-attachment-261\" style=\"width: 524px\" class=\"wp-caption alignnone\"><img loading=\"lazy\" decoding=\"async\" class=\"size-full wp-image-261\" src=\"http:\/\/rudi.puettstadt.de\/wp-content\/uploads\/2018\/06\/image-66.png\" alt=\"\" width=\"524\" height=\"384\" srcset=\"http:\/\/rudolf-grothues.de\/wp-content\/uploads\/2018\/06\/image-66.png 524w, http:\/\/rudolf-grothues.de\/wp-content\/uploads\/2018\/06\/image-66-350x256.png 350w, http:\/\/rudolf-grothues.de\/wp-content\/uploads\/2018\/06\/image-66-300x220.png 300w\" sizes=\"auto, (max-width: 524px) 100vw, 524px\" \/><figcaption id=\"caption-attachment-261\" class=\"wp-caption-text\">Pr\u00e4sentieren die Beigaben aus dem F\u00fcrstengrab: (v. l.) Dr. Christoph Gr\u00fcnewald, Dr. Rudolf Grothues, Dr. Vera Brieske und Museumsleiter Dr. Martin Gesing. (Foto: S. Zwehn)<\/figcaption><\/figure>\n<p>Sehr geehrte Frau Dr. Brieske, sehr geehrter Herr Dr. Gesing,<br \/>\nsehr geehrter Herr Dr. Gr\u00fcnewald, meine sehr geehrten Damen und Herren!<\/p>\n<p>Ich gr\u00fc\u00dfe Sie alle sehr herzlich im Namen der Stadt Beckum und freue mich sehr, dass ich die Ausstellung mit dem langen Titel \u201eDer Beckumer F\u00fcrst war nicht allein\u2026 Seine Gefolgsleute und ihre sch\u00f6nsten Preziosen\u2026\u201c er\u00f6ffnen darf.<\/p>\n<p>Das tue ich heute ganz besonders gern, da mit Frau Dr. Brieske und Herrn Dr. Gr\u00fcnewald zwei \u201eKollegen\u201c des Landschaftsverbandes Westfalen-Lippe, des LWL, hier vertreten sind. Herr Dr. Gr\u00fcnewald ist Leiter der Au\u00dfenstelle M\u00fcnster der LWL-Arch\u00e4ologie und Frau Dr. Brieske ist Gesch\u00e4ftsf\u00fchrerin der Altertumskommission f\u00fcr Westfalen, und ich \u2013 der eine oder andere wird es wissen \u2013 Gesch\u00e4ftsf\u00fchrer der Geographischen Kommission. Sch\u00f6n, dass ich Euch beide heute in Beckum begr\u00fc\u00dfen darf.<\/p>\n<\/div>\n<div class=\"articleText2\">\n<p>Meine sehr geehrten Damen und Herren,<br \/>\nsonst begr\u00fc\u00dfe ich immer die Kunstliebhaber unter Ihnen, das unterlasse ich heute mit Blick auf die Exponate. Denn wir er\u00f6ffnen heute eine arch\u00e4ologische Ausstellung. Es ist in dem Sinne dieses Mal keine Kunstausstellung, sondern eine arch\u00e4ologische Kunsthandwerk-Ausstellung.<\/p>\n<p>Vor exakt 150 Jahren wurde an der heutigen Germanenstra\u00dfe ein Gr\u00e4berfeld entdeckt, 1959 kam das ber\u00fchmte F\u00fcrstengrab hinzu.<br \/>\nDie sch\u00f6nsten Preziosen, also die sch\u00f6nsten Kostbarkeiten, aus diesen Gr\u00e4bern k\u00f6nnen wir hier jetzt bestaunen, Grabbeigaben aus dem 6. und 7. Jahrhundert. Es sind Fundst\u00fccke im Bestand des LWL-Museums f\u00fcr Arch\u00e4ologie, die dank der gro\u00dfz\u00fcgigen Unterst\u00fctzung des Museumsvereins Beckum nun in Beckum pr\u00e4sentiert werden k\u00f6nnen.<\/p>\n<p>Ein herzliches Dankesch\u00f6n gilt wie immer dem bew\u00e4hrten Team des Stadtmuseums f\u00fcr den Aufbau dieser Ausstellung. Ebenso danke ich den Sponsoren, die diese Ausstellung erm\u00f6glicht haben.<\/p>\n<p>Frau Dr. Brieske wird uns allen gleich die Augen \u00f6ffnen. Entgegen unserer bisherigen Annahme, die beiden Gr\u00e4berfelder, die in Beckum ausgegraben wurden, seien unterschiedlich alt und von verschiedenen Volksst\u00e4mmen, wird sie uns gleich erl\u00e4utern, dass dem nicht so ist. Ich bedanke mich bei Ihnen f\u00fcr Ihr pers\u00f6nliches Erscheinen, f\u00fcr Ihre Bereitschaft Ihre wissenschaftlichen Ergebnisse hier vorzustellen und vor allem nat\u00fcrlich auch daf\u00fcr, dass dieser Irrglaube nun ein Ende hat.<br \/>\nIch bin sehr gespannt auf Ihren Vortrag, ist es doch f\u00fcr Laien immer wieder erstaunlich, wie exakt Herkunft und Alter solcher Fundst\u00fccke bestimmt werden k\u00f6nnen. Und dann werden wir auch noch Zeugen bei der Aufkl\u00e4rung eines wissenschaftlichen Irrtums.<\/p>\n<p>Gleichzeitig ist es immer wieder beeindruckend, zu welch prachtvollen Fingerfertigkeiten unsere Vorfahren in so fr\u00fcher Zeit im Stande waren. Und dann sind sie auch noch \u2013 nach so vielen Jahrhunderten \u2013 so gut erhalten\u2026<br \/>\nIch w\u00fcnsche den Besucherinnen und Besuchern viele aufschlussreiche Momente bei dieser Ausstellung und \u00fcbergebe das Wort an Dr. Gesing.<\/p>\n<\/div>\n","protected":false},"excerpt":{"rendered":"<p>Sehr geehrte Frau Dr. Brieske, sehr geehrter Herr Dr. Gesing, sehr geehrter Herr Dr. Gr\u00fcnewald, meine sehr geehrten Damen und Herren! Ich gr\u00fc\u00dfe Sie alle sehr herzlich im Namen der Stadt Beckum und freue mich sehr, dass ich die Ausstellung mit dem langen Titel \u201eDer Beckumer F\u00fcrst war nicht allein\u2026 Seine Gefolgsleute und ihre sch\u00f6nsten [&hellip;]<\/p>\n","protected":false},"author":1,"featured_media":0,"comment_status":"open","ping_status":"open","sticky":false,"template":"","format":"standard","meta":{"footnotes":""},"categories":[7],"tags":[],"class_list":["post-260","post","type-post","status-publish","format-standard","hentry","category-kunst-kultur"],"_links":{"self":[{"href":"http:\/\/rudolf-grothues.de\/index.php?rest_route=\/wp\/v2\/posts\/260","targetHints":{"allow":["GET"]}}],"collection":[{"href":"http:\/\/rudolf-grothues.de\/index.php?rest_route=\/wp\/v2\/posts"}],"about":[{"href":"http:\/\/rudolf-grothues.de\/index.php?rest_route=\/wp\/v2\/types\/post"}],"author":[{"embeddable":true,"href":"http:\/\/rudolf-grothues.de\/index.php?rest_route=\/wp\/v2\/users\/1"}],"replies":[{"embeddable":true,"href":"http:\/\/rudolf-grothues.de\/index.php?rest_route=%2Fwp%2Fv2%2Fcomments&post=260"}],"version-history":[{"count":1,"href":"http:\/\/rudolf-grothues.de\/index.php?rest_route=\/wp\/v2\/posts\/260\/revisions"}],"predecessor-version":[{"id":262,"href":"http:\/\/rudolf-grothues.de\/index.php?rest_route=\/wp\/v2\/posts\/260\/revisions\/262"}],"wp:attachment":[{"href":"http:\/\/rudolf-grothues.de\/index.php?rest_route=%2Fwp%2Fv2%2Fmedia&parent=260"}],"wp:term":[{"taxonomy":"category","embeddable":true,"href":"http:\/\/rudolf-grothues.de\/index.php?rest_route=%2Fwp%2Fv2%2Fcategories&post=260"},{"taxonomy":"post_tag","embeddable":true,"href":"http:\/\/rudolf-grothues.de\/index.php?rest_route=%2Fwp%2Fv2%2Ftags&post=260"}],"curies":[{"name":"wp","href":"https:\/\/api.w.org\/{rel}","templated":true}]}}