{"id":245,"date":"2013-02-09T12:22:58","date_gmt":"2013-02-09T12:22:58","guid":{"rendered":"http:\/\/rudi.puettstadt.de\/?p=245"},"modified":"2018-06-21T12:24:17","modified_gmt":"2018-06-21T12:24:17","slug":"karneval-im-heinrich-dormann-zentrum","status":"publish","type":"post","link":"http:\/\/rudolf-grothues.de\/?p=245","title":{"rendered":"Karneval im Heinrich-Dormann-Zentrum"},"content":{"rendered":"<div class=\"articleText1\">\n<figure id=\"attachment_246\" aria-describedby=\"caption-attachment-246\" style=\"width: 524px\" class=\"wp-caption alignnone\"><img loading=\"lazy\" decoding=\"async\" class=\"size-full wp-image-246\" src=\"http:\/\/rudi.puettstadt.de\/wp-content\/uploads\/2018\/06\/image-61.png\" alt=\"\" width=\"524\" height=\"362\" srcset=\"http:\/\/rudolf-grothues.de\/wp-content\/uploads\/2018\/06\/image-61.png 524w, http:\/\/rudolf-grothues.de\/wp-content\/uploads\/2018\/06\/image-61-350x242.png 350w, http:\/\/rudolf-grothues.de\/wp-content\/uploads\/2018\/06\/image-61-300x207.png 300w\" sizes=\"auto, (max-width: 524px) 100vw, 524px\" \/><figcaption id=\"caption-attachment-246\" class=\"wp-caption-text\">Ein Gru\u00dfwort mit toller Umrahung: Die Funkengarde der KG Au\u00dfer Rand und Band. (Foto: B. Fernkorn)<\/figcaption><\/figure>\n<p>Helau und Hurra, die tollen Tage\u00a0ham\u2019 uns wieder, ohne Frage.<\/p>\n<p>Ich gr\u00fc\u00df\u2019 auch alle hier im Saal,\u00a0wir feiern wieder Karneval.<\/p>\n<p>Das mache ich, ihr wisst es genau,\u00a0mit einem dreifachen Rumskedi Helau\u2026<\/p>\n<p>Ich \u00fcberbringe von Rat und Verwaltung,\u00a0n\u00e4rrische Gr\u00fc\u00dfe mit freier Entfaltung.<\/p>\n<p>Herrn K\u00fchn und seinem Team von der AWO\u00a0geb\u00fchrt f\u00fcr die Feier ein dickes Bravo.<\/p>\n<p>Ich freu mich, auch dabei zu sein,\u00a0Karneval in Beckum, das ist fein.<\/p>\n<\/div>\n<p><!--more--><\/p>\n<div class=\"articleText2\">\n<p>In allen Stadtteilen geht\u2019s jetzt ab.\u00a0Der Karneval h\u00e4lt uns auf Trab.<\/p>\n<p>Die Weiber auf den Stra\u00dfen,\u00a0die Kater in den Gassen,<\/p>\n<p>und Prinz Peter mit dem krausen Haar,\u00a0regiert die lustige Narrenschar.<\/p>\n<p>Und auch bei euch kehrt Stimmung ein,\u00a0an Karneval hei\u00dft\u2018s fr\u00f6hlich sein.<\/p>\n<p>Jetzt feiert sch\u00f6n &#8211; das ist so wichtig,\u00a0dann werden Sorgen null und nichtig.<\/p>\n<p>Ich w\u00fcnsche euch noch `ne tolle Schau\u00a0mit einem dreifachen Rumskedi Helau&#8230;.<\/p>\n<\/div>\n","protected":false},"excerpt":{"rendered":"<p>Helau und Hurra, die tollen Tage\u00a0ham\u2019 uns wieder, ohne Frage. Ich gr\u00fc\u00df\u2019 auch alle hier im Saal,\u00a0wir feiern wieder Karneval. Das mache ich, ihr wisst es genau,\u00a0mit einem dreifachen Rumskedi Helau\u2026 Ich \u00fcberbringe von Rat und Verwaltung,\u00a0n\u00e4rrische Gr\u00fc\u00dfe mit freier Entfaltung. Herrn K\u00fchn und seinem Team von der AWO\u00a0geb\u00fchrt f\u00fcr die Feier ein dickes Bravo. [&hellip;]<\/p>\n","protected":false},"author":1,"featured_media":0,"comment_status":"open","ping_status":"open","sticky":false,"template":"","format":"standard","meta":{"footnotes":""},"categories":[7],"tags":[],"class_list":["post-245","post","type-post","status-publish","format-standard","hentry","category-kunst-kultur"],"_links":{"self":[{"href":"http:\/\/rudolf-grothues.de\/index.php?rest_route=\/wp\/v2\/posts\/245","targetHints":{"allow":["GET"]}}],"collection":[{"href":"http:\/\/rudolf-grothues.de\/index.php?rest_route=\/wp\/v2\/posts"}],"about":[{"href":"http:\/\/rudolf-grothues.de\/index.php?rest_route=\/wp\/v2\/types\/post"}],"author":[{"embeddable":true,"href":"http:\/\/rudolf-grothues.de\/index.php?rest_route=\/wp\/v2\/users\/1"}],"replies":[{"embeddable":true,"href":"http:\/\/rudolf-grothues.de\/index.php?rest_route=%2Fwp%2Fv2%2Fcomments&post=245"}],"version-history":[{"count":1,"href":"http:\/\/rudolf-grothues.de\/index.php?rest_route=\/wp\/v2\/posts\/245\/revisions"}],"predecessor-version":[{"id":247,"href":"http:\/\/rudolf-grothues.de\/index.php?rest_route=\/wp\/v2\/posts\/245\/revisions\/247"}],"wp:attachment":[{"href":"http:\/\/rudolf-grothues.de\/index.php?rest_route=%2Fwp%2Fv2%2Fmedia&parent=245"}],"wp:term":[{"taxonomy":"category","embeddable":true,"href":"http:\/\/rudolf-grothues.de\/index.php?rest_route=%2Fwp%2Fv2%2Fcategories&post=245"},{"taxonomy":"post_tag","embeddable":true,"href":"http:\/\/rudolf-grothues.de\/index.php?rest_route=%2Fwp%2Fv2%2Ftags&post=245"}],"curies":[{"name":"wp","href":"https:\/\/api.w.org\/{rel}","templated":true}]}}