{"id":242,"date":"2013-06-17T12:19:19","date_gmt":"2013-06-17T12:19:19","guid":{"rendered":"http:\/\/rudi.puettstadt.de\/?p=242"},"modified":"2018-06-21T12:20:30","modified_gmt":"2018-06-21T12:20:30","slug":"eckum-beim-internationalen-hansetag-vertreten","status":"publish","type":"post","link":"http:\/\/rudolf-grothues.de\/?p=242","title":{"rendered":"eckum beim Internationalen Hansetag vertreten"},"content":{"rendered":"<div class=\"articleText1\">\n<figure id=\"attachment_243\" aria-describedby=\"caption-attachment-243\" style=\"width: 524px\" class=\"wp-caption alignnone\"><img loading=\"lazy\" decoding=\"async\" class=\"size-full wp-image-243\" src=\"http:\/\/rudi.puettstadt.de\/wp-content\/uploads\/2018\/06\/image-60.png\" alt=\"\" width=\"524\" height=\"336\" srcset=\"http:\/\/rudolf-grothues.de\/wp-content\/uploads\/2018\/06\/image-60.png 524w, http:\/\/rudolf-grothues.de\/wp-content\/uploads\/2018\/06\/image-60-350x224.png 350w, http:\/\/rudolf-grothues.de\/wp-content\/uploads\/2018\/06\/image-60-300x192.png 300w\" sizes=\"auto, (max-width: 524px) 100vw, 524px\" \/><figcaption id=\"caption-attachment-243\" class=\"wp-caption-text\">Herzlich begr\u00fc\u00dft wurde Beckums 1. stellv. B\u00fcrgermeister Dr. Rudolf Grothues von einer Musikgruppe aus dem russischen Pskow, das den Internationalen Hansetag 2019 ausrichten wird.<\/figcaption><\/figure>\n<p>In Herford fand am vergangenen Wochenende der 33. Internationale Hansetag statt. Von den mittlerweile 181 Mitgliedsst\u00e4dten der \u201eneuen Hanse\u201c aus insgesamt 16 L\u00e4ndern hatten rund 120 ihre Teilnahme zugesagt. Die Delegierten trafen sich zur Mitgliederversammlung im Herforder Sch\u00fctzenhof, die traditionsgem\u00e4\u00df vom L\u00fcbecker B\u00fcrgermeister Bernd Saxe, dem Vormann des St\u00e4dtebundes geleitet wurde. F\u00fcr die Stadt Beckum nahm der 1. stellv. B\u00fcrgermeister Dr. Rudolf Grothues an der Versammlung teil. Die anwesenden rd. 300 Hanseatinnen und Hanseaten, so werden die Vertreter der Mitgliedsst\u00e4dte genannt, diskutierten \u00fcber zahlreiche Themen, wie die identit\u00e4tsstiftende Wirkung der Mitgliedschaft, den Potenzialen im Tourismus oder wirtschaftliche Verbindungen. So ist gerade die \u201eWirtschaftshanse\u201c gegr\u00fcndet worden, ein Bund von derzeit 24 St\u00e4dten und Unternehmen aus 5 L\u00e4ndern, die ihre Zusammenarbeit und Kommunikation verbessern wollen. Unter dem Motto \u201eAlte Werte in neuen Zeiten\u201c wollen insbesondere die Unternehmen wieder an die alten hanseatischen Traditionen wie Verl\u00e4sslichkeit, Ehrlichkeit und Vertrauen ankn\u00fcpfen, mit dem obersten Ziel einer verbesserten wirtschaftlichen Zusammenarbeit. Diesem Bund sollen nun weitere St\u00e4dte und Unternehmen beitreten.<\/p>\n<\/div>\n<p><!--more--><\/p>\n<div class=\"articleText2\">\n<p>Im Bereich Tourismus wird die Entwicklung einer Kulturroute im Sinne des Europarates vorangetrieben. \u00c4hnlich der europaweiten Pilgerwege sollen die Wege zwischen den Hansest\u00e4dten besser vermarktet werden. Besonderes Augenmerk wird auch auf die F\u00f6rderung der Jugendhanse gelegt. Jugendlichen in den Hansest\u00e4dten soll die Geschichte und Tradition der Hanse n\u00e4her gebracht werden.<\/p>\n<p>Die n\u00e4chsten Hansetage sind schon bis 2039 vergeben, da verwundert es nicht, dass es zu spannenden Abstimmung kommt, wenn einmal eine Vergabe r\u00fcckg\u00e4ngig gemacht wird. So geschehen im letzten Jahr: Die Stadt L\u00fcnen verzichtete auf die Ausrichtung des Festes im Jahre 2019. Mit Halle an der Saale und Pskow im Nordwesten Russlands meldeten sich sofort zwei Ersatzst\u00e4dte. Nach einer kleinen Vorstellungsrunde entschied sich dann die Versammlung mit gro\u00dfer Mehrheit f\u00fcr Pskow, deren Vertreter dieses Ergebnis ausgelassen feierten. Im n\u00e4chsten Jahr findet der 34. Internationale Hansetag in der Geburtsstadt der Hanse, in L\u00fcbeck, statt.<\/p>\n<p>Insgesamt waren in Herford rund 2000 Vertreter der Hansest\u00e4dte angereist. Besonders beeindruckt war Grothues von der Freude und positiven Stimmung, die vor allem von den weit angereisten Gruppen u.a. aus Frankreich, England und Russland ausging.<\/p>\n<\/div>\n","protected":false},"excerpt":{"rendered":"<p>In Herford fand am vergangenen Wochenende der 33. Internationale Hansetag statt. Von den mittlerweile 181 Mitgliedsst\u00e4dten der \u201eneuen Hanse\u201c aus insgesamt 16 L\u00e4ndern hatten rund 120 ihre Teilnahme zugesagt. Die Delegierten trafen sich zur Mitgliederversammlung im Herforder Sch\u00fctzenhof, die traditionsgem\u00e4\u00df vom L\u00fcbecker B\u00fcrgermeister Bernd Saxe, dem Vormann des St\u00e4dtebundes geleitet wurde. F\u00fcr die Stadt Beckum [&hellip;]<\/p>\n","protected":false},"author":1,"featured_media":0,"comment_status":"open","ping_status":"open","sticky":false,"template":"","format":"standard","meta":{"footnotes":""},"categories":[7],"tags":[13],"class_list":["post-242","post","type-post","status-publish","format-standard","hentry","category-kunst-kultur","tag-hanse"],"_links":{"self":[{"href":"http:\/\/rudolf-grothues.de\/index.php?rest_route=\/wp\/v2\/posts\/242","targetHints":{"allow":["GET"]}}],"collection":[{"href":"http:\/\/rudolf-grothues.de\/index.php?rest_route=\/wp\/v2\/posts"}],"about":[{"href":"http:\/\/rudolf-grothues.de\/index.php?rest_route=\/wp\/v2\/types\/post"}],"author":[{"embeddable":true,"href":"http:\/\/rudolf-grothues.de\/index.php?rest_route=\/wp\/v2\/users\/1"}],"replies":[{"embeddable":true,"href":"http:\/\/rudolf-grothues.de\/index.php?rest_route=%2Fwp%2Fv2%2Fcomments&post=242"}],"version-history":[{"count":1,"href":"http:\/\/rudolf-grothues.de\/index.php?rest_route=\/wp\/v2\/posts\/242\/revisions"}],"predecessor-version":[{"id":244,"href":"http:\/\/rudolf-grothues.de\/index.php?rest_route=\/wp\/v2\/posts\/242\/revisions\/244"}],"wp:attachment":[{"href":"http:\/\/rudolf-grothues.de\/index.php?rest_route=%2Fwp%2Fv2%2Fmedia&parent=242"}],"wp:term":[{"taxonomy":"category","embeddable":true,"href":"http:\/\/rudolf-grothues.de\/index.php?rest_route=%2Fwp%2Fv2%2Fcategories&post=242"},{"taxonomy":"post_tag","embeddable":true,"href":"http:\/\/rudolf-grothues.de\/index.php?rest_route=%2Fwp%2Fv2%2Ftags&post=242"}],"curies":[{"name":"wp","href":"https:\/\/api.w.org\/{rel}","templated":true}]}}