{"id":215,"date":"2014-12-07T11:56:49","date_gmt":"2014-12-07T11:56:49","guid":{"rendered":"http:\/\/rudi.puettstadt.de\/?p=215"},"modified":"2018-06-21T11:58:59","modified_gmt":"2018-06-21T11:58:59","slug":"benefizkonzert-der-awo-zu-gunsten-der-beckumer-tafel","status":"publish","type":"post","link":"http:\/\/rudolf-grothues.de\/?p=215","title":{"rendered":"Benefizkonzert der AWO zu Gunsten der Beckumer Tafel"},"content":{"rendered":"<div class=\"articleText1\">\n<p><img loading=\"lazy\" decoding=\"async\" class=\"alignnone size-full wp-image-216\" src=\"http:\/\/rudi.puettstadt.de\/wp-content\/uploads\/2018\/06\/image-51.png\" alt=\"\" width=\"960\" height=\"699\" srcset=\"http:\/\/rudolf-grothues.de\/wp-content\/uploads\/2018\/06\/image-51.png 960w, http:\/\/rudolf-grothues.de\/wp-content\/uploads\/2018\/06\/image-51-350x255.png 350w, http:\/\/rudolf-grothues.de\/wp-content\/uploads\/2018\/06\/image-51-300x218.png 300w, http:\/\/rudolf-grothues.de\/wp-content\/uploads\/2018\/06\/image-51-768x559.png 768w\" sizes=\"auto, (max-width: 960px) 100vw, 960px\" \/>Liebe Claudia Oddo,\u00a0lieber Rainer Fust<\/p>\n<p>sehr geehrte Damen und Herren,<\/p>\n<p>auch ich darf Sie anl\u00e4sslich dieses weihnachtlichen Konzertes,\u00a0zu dem die AWO Beckum hier heute Abend eingeladen hat, herzlich begr\u00fc\u00dfen.\u00a0Daf\u00fcr m\u00f6chte ich mich ganz herzlich bei der AWO bedanken.<\/p>\n<p>Wenn es drau\u00dfen k\u00e4lter und dunkler wird, dann z\u00fcnden wir Lichter an, Lichterketten, Kerzen, Kaminfeuer&#8230; Wir erfreuen uns an der W\u00e4rme in den Stuben, wenn es drau\u00dfen schneit. Es ist sch\u00f6n heimzukommen, nach einem ausgiebigen Winterspaziergang oder einem Bummel \u00fcber den Weihnachtsmarkt. Von einer Schlittenfahrt will ich jetzt einmal gar nicht reden.<\/p>\n<p>Die Stimmung wird insgesamt bed\u00e4chtiger und ruhiger und wir genie\u00dfen die Zeit mit sch\u00f6ner Musik, mit weihnachtlicher Musik.<\/p>\n<p>Und die wird uns heute hier auch geboten. Die AWO hat wieder eingeladen, mittlerweile zum vierten Mal. Und wieder wird der Erl\u00f6s des Abends gespendet. Und das ist das besondere, die AWO, die ja nun selbst eine soziale und helfende Organisation ist, und eigentlich das Geld auch selber gebrauchen k\u00f6nnte, spendet den Erl\u00f6s an andere soziale Projekte, in diesem Jahr zu Gunsten der Beckumer Tafel, die seit wenigen Jahren zahlreiche Familien unterst\u00fctzt, in dem sie w\u00f6chentlich Lebensmittel an diese austeilt. In der Vergangenheit konnten so schon die Freckenhorster Werkst\u00e4tten und die Aktion \u201eKleiner Prinz\u201c mit Betr\u00e4gen von 1000-2000 Euro unterst\u00fctzt werden, und 1000 Euro sollen es dieses Jahr wieder mindestens werden, wie mir gesagt wurde. Dazu bedanke ich mich neben der AWO auch bei all den Sponsoren, allen voran bei der Sparkasse Beckum-Wadersloh.<\/p>\n<\/div>\n<p><!--more--><\/p>\n<div class=\"articleText2\">\n<div>Mein Dank geht nat\u00fcrlich auch an die K\u00fcnstler, die sich so sehr in den Dienst der sozialen Unterst\u00fctzung stellen, was zum Beispiel die Mitgliedschaft von Claudia Oddo im AWO Ortsverein Oelde unterstreicht.<\/div>\n<div>\n<p>Es ist ein echtes Highlight, das sie uns da gleich pr\u00e4sentieren werden.<\/p>\n<p>Die K\u00fcnstlerinnen und K\u00fcnstler werden gleich eine wundervolle weihnachtliche Stimmung in diese Kirche zaubern und damit ein kulturelles Highlight in unserer Stadt pr\u00e4sentieren.<\/p>\n<p>Der kraftvolle und zugleich \u00e4u\u00dferst gef\u00fchlvolle Gesang von Claudia Oddo steht dabei im Vordergrund. Authentisch, selbstbewusst, elegant und bezaubernd. Das steht auf dem Programmflyer und sie werden gleich feststellen, das alles stimmt. Ich freue mich dar\u00fcber, dass Sie erneut hier singen werden und ich freue mich darauf, was uns alle hier gleich erwartet. Begleitet wird sie zum wiederholten Male von Nadja Naumova und dem Chor \u201eMondo Musica\u201c.<\/p>\n<p>Lassen Sie uns gleich aus dieser Kirche eine Konzertarena machen, lassen sie uns die wundersch\u00f6ne Musik genie\u00dfen und lassen sie uns, hoffentlich d\u00fcrfen wir das auch, beim letzten Lied des Abends alle kr\u00e4ftig mitsingen.<\/p>\n<p>Ihnen allen w\u00fcnsche ich einen sch\u00f6nen Musikabend, eine sch\u00f6ne Weihnachtszeit, einen guten Rutsch ins neue Jahr, f\u00fcr dieses Jahr alles Gute und dann sehen wir uns an dieser Stelle in etwa einen Jahr gerne wieder.<\/p>\n<\/div>\n<\/div>\n","protected":false},"excerpt":{"rendered":"<p>Liebe Claudia Oddo,\u00a0lieber Rainer Fust sehr geehrte Damen und Herren, auch ich darf Sie anl\u00e4sslich dieses weihnachtlichen Konzertes,\u00a0zu dem die AWO Beckum hier heute Abend eingeladen hat, herzlich begr\u00fc\u00dfen.\u00a0Daf\u00fcr m\u00f6chte ich mich ganz herzlich bei der AWO bedanken. Wenn es drau\u00dfen k\u00e4lter und dunkler wird, dann z\u00fcnden wir Lichter an, Lichterketten, Kerzen, Kaminfeuer&#8230; Wir erfreuen [&hellip;]<\/p>\n","protected":false},"author":1,"featured_media":0,"comment_status":"open","ping_status":"open","sticky":false,"template":"","format":"standard","meta":{"footnotes":""},"categories":[7],"tags":[],"class_list":["post-215","post","type-post","status-publish","format-standard","hentry","category-kunst-kultur"],"_links":{"self":[{"href":"http:\/\/rudolf-grothues.de\/index.php?rest_route=\/wp\/v2\/posts\/215","targetHints":{"allow":["GET"]}}],"collection":[{"href":"http:\/\/rudolf-grothues.de\/index.php?rest_route=\/wp\/v2\/posts"}],"about":[{"href":"http:\/\/rudolf-grothues.de\/index.php?rest_route=\/wp\/v2\/types\/post"}],"author":[{"embeddable":true,"href":"http:\/\/rudolf-grothues.de\/index.php?rest_route=\/wp\/v2\/users\/1"}],"replies":[{"embeddable":true,"href":"http:\/\/rudolf-grothues.de\/index.php?rest_route=%2Fwp%2Fv2%2Fcomments&post=215"}],"version-history":[{"count":1,"href":"http:\/\/rudolf-grothues.de\/index.php?rest_route=\/wp\/v2\/posts\/215\/revisions"}],"predecessor-version":[{"id":217,"href":"http:\/\/rudolf-grothues.de\/index.php?rest_route=\/wp\/v2\/posts\/215\/revisions\/217"}],"wp:attachment":[{"href":"http:\/\/rudolf-grothues.de\/index.php?rest_route=%2Fwp%2Fv2%2Fmedia&parent=215"}],"wp:term":[{"taxonomy":"category","embeddable":true,"href":"http:\/\/rudolf-grothues.de\/index.php?rest_route=%2Fwp%2Fv2%2Fcategories&post=215"},{"taxonomy":"post_tag","embeddable":true,"href":"http:\/\/rudolf-grothues.de\/index.php?rest_route=%2Fwp%2Fv2%2Ftags&post=215"}],"curies":[{"name":"wp","href":"https:\/\/api.w.org\/{rel}","templated":true}]}}