{"id":200,"date":"2015-05-20T11:12:04","date_gmt":"2015-05-20T11:12:04","guid":{"rendered":"http:\/\/rudi.puettstadt.de\/?p=200"},"modified":"2018-06-21T11:16:05","modified_gmt":"2018-06-21T11:16:05","slug":"spatenstich-fuer-die-neue-mensa-an-der-sekundarschule","status":"publish","type":"post","link":"http:\/\/rudolf-grothues.de\/?p=200","title":{"rendered":"Spatenstich f\u00fcr die neue Mensa an der Sekundarschule"},"content":{"rendered":"<div class=\"articleText1\">\n<figure id=\"attachment_201\" aria-describedby=\"caption-attachment-201\" style=\"width: 704px\" class=\"wp-caption alignnone\"><img loading=\"lazy\" decoding=\"async\" class=\"wp-image-201 size-full\" src=\"http:\/\/rudi.puettstadt.de\/wp-content\/uploads\/2018\/06\/image-46-e1529579756343.png\" alt=\"\" width=\"704\" height=\"666\" srcset=\"http:\/\/rudolf-grothues.de\/wp-content\/uploads\/2018\/06\/image-46-e1529579756343.png 704w, http:\/\/rudolf-grothues.de\/wp-content\/uploads\/2018\/06\/image-46-e1529579756343-350x331.png 350w, http:\/\/rudolf-grothues.de\/wp-content\/uploads\/2018\/06\/image-46-e1529579756343-300x284.png 300w\" sizes=\"auto, (max-width: 704px) 100vw, 704px\" \/><figcaption id=\"caption-attachment-201\" class=\"wp-caption-text\">Die Vertreter der SPD-Fraktion beim symbolischen Spatenstich f\u00fcr den Neubau der Mensa an der Sekundarschule (v.l.): Dr. Rudolf Grothues, Rainer Ottenlips, Felix Markmeier-Agnesens und Karsten Koch<\/figcaption><\/figure>\n<p>Gut eine Million Euro investiert die Stadt Beckum in den Neubau einer Mensa an der Sekundarschule und schafft damit Platz f\u00fcr 200 Sch\u00fcler, die gleichzeitig dort essen k\u00f6nnen. An dem Standort l\u00e4uft derzeit die Realschule aus (mit noch 392 Sch\u00fclern) und die neue Sekundarschule wird aufgebaut (derzeit 205 Sch\u00fcler). Somit wird es auch in den n\u00e4chsten Jahren einen gro\u00dfen Bedarf an einem guten Essen zur Mittagszeit geben.<\/p>\n<p>Das Geb\u00e4ude erh\u00e4lt gro\u00dfe Glasfronten und wirkt dadurch besonders hell und freundlich. Neben dem Speisesaal werden auch eine K\u00fcche, Sozialr\u00e4ume, eine Toilettenanlage und ein Stuhllager errichtet.<\/p>\n<\/div>\n<div class=\"articleText2\">\n<p>Letzteres ist eine der Voraussetzungen daf\u00fcr, dass das Geb\u00e4ude auch f\u00fcr andere Zwecke und au\u00dferschulische Veranstaltungen genutzt werden kann. Verantwortlich f\u00fcr die Bauausf\u00fchrungen ist das Beckumer Architekturb\u00fcro Hellmann.<\/p>\n<\/div>\n","protected":false},"excerpt":{"rendered":"<p>Gut eine Million Euro investiert die Stadt Beckum in den Neubau einer Mensa an der Sekundarschule und schafft damit Platz f\u00fcr 200 Sch\u00fcler, die gleichzeitig dort essen k\u00f6nnen. An dem Standort l\u00e4uft derzeit die Realschule aus (mit noch 392 Sch\u00fclern) und die neue Sekundarschule wird aufgebaut (derzeit 205 Sch\u00fcler). Somit wird es auch in den [&hellip;]<\/p>\n","protected":false},"author":1,"featured_media":0,"comment_status":"open","ping_status":"open","sticky":false,"template":"","format":"standard","meta":{"footnotes":""},"categories":[11],"tags":[],"class_list":["post-200","post","type-post","status-publish","format-standard","hentry","category-schule"],"_links":{"self":[{"href":"http:\/\/rudolf-grothues.de\/index.php?rest_route=\/wp\/v2\/posts\/200","targetHints":{"allow":["GET"]}}],"collection":[{"href":"http:\/\/rudolf-grothues.de\/index.php?rest_route=\/wp\/v2\/posts"}],"about":[{"href":"http:\/\/rudolf-grothues.de\/index.php?rest_route=\/wp\/v2\/types\/post"}],"author":[{"embeddable":true,"href":"http:\/\/rudolf-grothues.de\/index.php?rest_route=\/wp\/v2\/users\/1"}],"replies":[{"embeddable":true,"href":"http:\/\/rudolf-grothues.de\/index.php?rest_route=%2Fwp%2Fv2%2Fcomments&post=200"}],"version-history":[{"count":1,"href":"http:\/\/rudolf-grothues.de\/index.php?rest_route=\/wp\/v2\/posts\/200\/revisions"}],"predecessor-version":[{"id":202,"href":"http:\/\/rudolf-grothues.de\/index.php?rest_route=\/wp\/v2\/posts\/200\/revisions\/202"}],"wp:attachment":[{"href":"http:\/\/rudolf-grothues.de\/index.php?rest_route=%2Fwp%2Fv2%2Fmedia&parent=200"}],"wp:term":[{"taxonomy":"category","embeddable":true,"href":"http:\/\/rudolf-grothues.de\/index.php?rest_route=%2Fwp%2Fv2%2Fcategories&post=200"},{"taxonomy":"post_tag","embeddable":true,"href":"http:\/\/rudolf-grothues.de\/index.php?rest_route=%2Fwp%2Fv2%2Ftags&post=200"}],"curies":[{"name":"wp","href":"https:\/\/api.w.org\/{rel}","templated":true}]}}