{"id":197,"date":"2015-06-28T11:09:29","date_gmt":"2015-06-28T11:09:29","guid":{"rendered":"http:\/\/rudi.puettstadt.de\/?p=197"},"modified":"2018-06-21T11:10:26","modified_gmt":"2018-06-21T11:10:26","slug":"beckum-als-hansestadt-bekannter-machen","status":"publish","type":"post","link":"http:\/\/rudolf-grothues.de\/?p=197","title":{"rendered":"Beckum als Hansestadt bekannter machen !"},"content":{"rendered":"<figure id=\"attachment_198\" aria-describedby=\"caption-attachment-198\" style=\"width: 960px\" class=\"wp-caption alignnone\"><img loading=\"lazy\" decoding=\"async\" class=\"size-full wp-image-198\" src=\"http:\/\/rudi.puettstadt.de\/wp-content\/uploads\/2018\/06\/image-45.png\" alt=\"\" width=\"960\" height=\"720\" srcset=\"http:\/\/rudolf-grothues.de\/wp-content\/uploads\/2018\/06\/image-45.png 960w, http:\/\/rudolf-grothues.de\/wp-content\/uploads\/2018\/06\/image-45-350x263.png 350w, http:\/\/rudolf-grothues.de\/wp-content\/uploads\/2018\/06\/image-45-300x225.png 300w, http:\/\/rudolf-grothues.de\/wp-content\/uploads\/2018\/06\/image-45-768x576.png 768w\" sizes=\"auto, (max-width: 960px) 100vw, 960px\" \/><figcaption id=\"caption-attachment-198\" class=\"wp-caption-text\">Dr. Rudolf Grothues (hinten) mit Mitgliedern der Delegation aus der Hansestadt Soest.<\/figcaption><\/figure>\n<p>Am Samstag war ich als Delegierter beim 32. Westf\u00e4lischen Hansetag. In diesem Jahr fand er in Lemgo statt. \u00dcbrigens: 2024, also in 9 Jahren, findet der Tag in Beckum statt. An diesem Wochenende wurden in Lemgo ca. 50000 Besucher erwartet. Es ist immer wieder beeindruckend, mit welchen Aufwand viele St\u00e4dte auf dem Hansetag vertreten sind. Siehe im Album die Fotos u.a. der Delegationen aus Soest und Schwerte. Neben vielen Konzerten, Auf<span class=\"text_exposed_show\">f\u00fchrungen und mittelalterlichen St\u00e4nden ist auch immer der Hansemarkt interessant. Hier pr\u00e4sentieren sich die 48 Mitgliedsst\u00e4dte den Besuchern. Es gibt einige Werbegeschenke und Prospektmaterial, denn die neue Westf\u00e4lische Hanse versteht sich vor allem als Tourismusbund. An einigen St\u00e4nden gibt es auch Probierm\u00f6glichkeiten wie Lebensmittel oder Getr\u00e4nke aus den St\u00e4dten.\u00a0<\/span><br \/>\n<span class=\"text_exposed_show\">Dieser Markt ist ein hervorragende Gelegenheit sich der \u00d6ffentlichkeit zu pr\u00e4sentieren und f\u00fcr seine Stadt Werbung zu machen. Leider ist auch in diesem Jahr die Stadt Beckum &#8211; wieder einmal &#8211; nicht mit einem Stand vertreten. B\u00fcrgermeister Strothmann h\u00e4lt ein Engagement f\u00fcr verzichtbar. Ihm ist es zu teuer.\u00a0<\/span><!--more--><\/p>\n<p>Auf Nachfrage beim Stand aus Dorsten (siehe auch hier das Album) wurde mir gesagt, dass f\u00fcr die zwei Tage insgesamt rund 500 Euro anfallen w\u00fcrden. Ich finde, das w\u00e4re das Mindeste. Es pr\u00e4sentieren sich fast alle St\u00e4dte in einem eigenen Stand und denken sich etwas besonders aus.<br \/>\nDas muss auf jeden Fall ge\u00e4ndert werden. Wer f\u00fcr seine eigene Stadt nicht wirbt, der wird im Wettbewerb mit den anderen St\u00e4dten keinen Erfolg haben. Gleichzeitig m\u00fcssen wir an dem ehrenamtlichen Engagement auch f\u00fcr diese Idee arbeiten, denn ohne Ehrenamt werden wir diese Mammutveranstaltung in 10 Jahren nicht hinbekommen. Wenn wir wollen, dass in 10 Jahren aus allen anderen St\u00e4dten m\u00f6glichst gro\u00dfe Delegationen uns besuchen kommen, dann m\u00fcssen wir uns so langsam bei diesen Gelegenheiten besser bekannt machen. Denn wenn alle St\u00e4dte so denken wie unser B\u00fcrgermeister, dann w\u00fcrde 2024 \u00fcberhaupt kein G\u00e4stestand aufgebaut und die Idee eines Hansemarktes w\u00e4re gestorben. Das darf nicht sein.<\/p>\n","protected":false},"excerpt":{"rendered":"<p>Am Samstag war ich als Delegierter beim 32. Westf\u00e4lischen Hansetag. In diesem Jahr fand er in Lemgo statt. \u00dcbrigens: 2024, also in 9 Jahren, findet der Tag in Beckum statt. An diesem Wochenende wurden in Lemgo ca. 50000 Besucher erwartet. Es ist immer wieder beeindruckend, mit welchen Aufwand viele St\u00e4dte auf dem Hansetag vertreten sind. [&hellip;]<\/p>\n","protected":false},"author":1,"featured_media":0,"comment_status":"open","ping_status":"open","sticky":false,"template":"","format":"standard","meta":{"footnotes":""},"categories":[7],"tags":[],"class_list":["post-197","post","type-post","status-publish","format-standard","hentry","category-kunst-kultur"],"_links":{"self":[{"href":"http:\/\/rudolf-grothues.de\/index.php?rest_route=\/wp\/v2\/posts\/197","targetHints":{"allow":["GET"]}}],"collection":[{"href":"http:\/\/rudolf-grothues.de\/index.php?rest_route=\/wp\/v2\/posts"}],"about":[{"href":"http:\/\/rudolf-grothues.de\/index.php?rest_route=\/wp\/v2\/types\/post"}],"author":[{"embeddable":true,"href":"http:\/\/rudolf-grothues.de\/index.php?rest_route=\/wp\/v2\/users\/1"}],"replies":[{"embeddable":true,"href":"http:\/\/rudolf-grothues.de\/index.php?rest_route=%2Fwp%2Fv2%2Fcomments&post=197"}],"version-history":[{"count":1,"href":"http:\/\/rudolf-grothues.de\/index.php?rest_route=\/wp\/v2\/posts\/197\/revisions"}],"predecessor-version":[{"id":199,"href":"http:\/\/rudolf-grothues.de\/index.php?rest_route=\/wp\/v2\/posts\/197\/revisions\/199"}],"wp:attachment":[{"href":"http:\/\/rudolf-grothues.de\/index.php?rest_route=%2Fwp%2Fv2%2Fmedia&parent=197"}],"wp:term":[{"taxonomy":"category","embeddable":true,"href":"http:\/\/rudolf-grothues.de\/index.php?rest_route=%2Fwp%2Fv2%2Fcategories&post=197"},{"taxonomy":"post_tag","embeddable":true,"href":"http:\/\/rudolf-grothues.de\/index.php?rest_route=%2Fwp%2Fv2%2Ftags&post=197"}],"curies":[{"name":"wp","href":"https:\/\/api.w.org\/{rel}","templated":true}]}}