{"id":178,"date":"2015-09-04T10:58:01","date_gmt":"2015-09-04T10:58:01","guid":{"rendered":"http:\/\/rudi.puettstadt.de\/?p=178"},"modified":"2018-06-22T11:35:10","modified_gmt":"2018-06-22T11:35:10","slug":"treffen-beim-jugendkulturforum","status":"publish","type":"post","link":"http:\/\/rudolf-grothues.de\/?p=178","title":{"rendered":"Treffen beim Jugendkulturforum"},"content":{"rendered":"<p><span style=\"font-size: 1rem;\"><img loading=\"lazy\" decoding=\"async\" class=\"alignnone size-full wp-image-179\" src=\"http:\/\/rudi.puettstadt.de\/wp-content\/uploads\/2018\/06\/image-39.png\" alt=\"\" width=\"640\" height=\"422\" srcset=\"http:\/\/rudolf-grothues.de\/wp-content\/uploads\/2018\/06\/image-39.png 640w, http:\/\/rudolf-grothues.de\/wp-content\/uploads\/2018\/06\/image-39-350x231.png 350w, http:\/\/rudolf-grothues.de\/wp-content\/uploads\/2018\/06\/image-39-300x198.png 300w\" sizes=\"auto, (max-width: 640px) 100vw, 640px\" \/>Gestern gab es ein gutes, gemeinsames Treffen mit den Jusos und dem Beckumer Jugendkulturform, in dem sich Kulturinteressierte, T\u00e4nzer\/innen und Schauspieler\/innen engagieren. Wichtigstes Thema dabei war der Wunsch der jungen Erwachsenen nach Begegnungsm\u00f6glichkeiten in der Beckumer Innenstadt, wo man sich treffen kann, miteinander austauschen kann, etwas chillen und trinken kann. Eventuell k\u00f6nnen da auch kleine Partys oder Musikkonzerte stattfinden. Aber es soll kosteng\u00fcnstig<\/span><span class=\"text_exposed_show\" style=\"font-size: 1rem;\">\u00a0sein und es muss nicht unbedingt auf dem modernsten Level sein. Wir waren uns einig, dass es dazu geeignete R\u00e4umlichkeiten geben muss, aber auch eine jugendliche Gruppe, die zumindest etwas Ehrenamt in die Sache stecken kann. Die Stadt sollte aber auch unterst\u00fctzen.\u00a0<\/span><\/p>\n<p><!--more-->Ein anderes Thema war die Vernetzung der Jugendkulturangebote in Beckum. Da ist allen nicht verst\u00e4ndlich, warum es immer noch keine Facebook-Seite der Stadt Beckum gibt, auf der die Termine von Veranstaltungen eingetragen werden k\u00f6nnen. Auch eine Beckum-App wird gew\u00fcnscht.<br \/>\nIch habe den jungen Leuten zugesagt, diese Dinge im Auge zu behalten, und habe ihnen versprochen, in Zukunft regelm\u00e4\u00dfig den Austausch mit ihnen zu suchen, denn nur dann k\u00f6nnen wir als Stadt ein Angebot entwickeln, dass die Jugendlichen wirklich annehmen.<\/p>\n","protected":false},"excerpt":{"rendered":"<p>Gestern gab es ein gutes, gemeinsames Treffen mit den Jusos und dem Beckumer Jugendkulturform, in dem sich Kulturinteressierte, T\u00e4nzer\/innen und Schauspieler\/innen engagieren. Wichtigstes Thema dabei war der Wunsch der jungen Erwachsenen nach Begegnungsm\u00f6glichkeiten in der Beckumer Innenstadt, wo man sich treffen kann, miteinander austauschen kann, etwas chillen und trinken kann. Eventuell k\u00f6nnen da auch kleine [&hellip;]<\/p>\n","protected":false},"author":1,"featured_media":0,"comment_status":"open","ping_status":"open","sticky":false,"template":"","format":"standard","meta":{"footnotes":""},"categories":[7],"tags":[],"class_list":["post-178","post","type-post","status-publish","format-standard","hentry","category-kunst-kultur"],"_links":{"self":[{"href":"http:\/\/rudolf-grothues.de\/index.php?rest_route=\/wp\/v2\/posts\/178","targetHints":{"allow":["GET"]}}],"collection":[{"href":"http:\/\/rudolf-grothues.de\/index.php?rest_route=\/wp\/v2\/posts"}],"about":[{"href":"http:\/\/rudolf-grothues.de\/index.php?rest_route=\/wp\/v2\/types\/post"}],"author":[{"embeddable":true,"href":"http:\/\/rudolf-grothues.de\/index.php?rest_route=\/wp\/v2\/users\/1"}],"replies":[{"embeddable":true,"href":"http:\/\/rudolf-grothues.de\/index.php?rest_route=%2Fwp%2Fv2%2Fcomments&post=178"}],"version-history":[{"count":1,"href":"http:\/\/rudolf-grothues.de\/index.php?rest_route=\/wp\/v2\/posts\/178\/revisions"}],"predecessor-version":[{"id":180,"href":"http:\/\/rudolf-grothues.de\/index.php?rest_route=\/wp\/v2\/posts\/178\/revisions\/180"}],"wp:attachment":[{"href":"http:\/\/rudolf-grothues.de\/index.php?rest_route=%2Fwp%2Fv2%2Fmedia&parent=178"}],"wp:term":[{"taxonomy":"category","embeddable":true,"href":"http:\/\/rudolf-grothues.de\/index.php?rest_route=%2Fwp%2Fv2%2Fcategories&post=178"},{"taxonomy":"post_tag","embeddable":true,"href":"http:\/\/rudolf-grothues.de\/index.php?rest_route=%2Fwp%2Fv2%2Ftags&post=178"}],"curies":[{"name":"wp","href":"https:\/\/api.w.org\/{rel}","templated":true}]}}