{"id":169,"date":"2015-09-09T09:58:05","date_gmt":"2015-09-09T09:58:05","guid":{"rendered":"http:\/\/rudi.puettstadt.de\/?p=169"},"modified":"2018-06-22T11:33:15","modified_gmt":"2018-06-22T11:33:15","slug":"beeindruckende-arbeit-der-erziehungshilfe-st-klara","status":"publish","type":"post","link":"http:\/\/rudolf-grothues.de\/?p=169","title":{"rendered":"Beeindruckende Arbeit der Erziehungshilfe St. Klara"},"content":{"rendered":"<div class=\"articleText1\">\n<figure id=\"attachment_170\" aria-describedby=\"caption-attachment-170\" style=\"width: 959px\" class=\"wp-caption alignnone\"><img loading=\"lazy\" decoding=\"async\" class=\"size-full wp-image-170\" src=\"http:\/\/rudi.puettstadt.de\/wp-content\/uploads\/2018\/06\/image-36.png\" alt=\"\" width=\"959\" height=\"682\" srcset=\"http:\/\/rudolf-grothues.de\/wp-content\/uploads\/2018\/06\/image-36.png 959w, http:\/\/rudolf-grothues.de\/wp-content\/uploads\/2018\/06\/image-36-350x249.png 350w, http:\/\/rudolf-grothues.de\/wp-content\/uploads\/2018\/06\/image-36-300x213.png 300w, http:\/\/rudolf-grothues.de\/wp-content\/uploads\/2018\/06\/image-36-768x546.png 768w\" sizes=\"auto, (max-width: 959px) 100vw, 959px\" \/><figcaption id=\"caption-attachment-170\" class=\"wp-caption-text\">von links: Herbert Kraft (Vorstand Kreiscaritasverband), Einrichtungsleiter Dr. Christoph Heckmann, Dr. Rudolf Grothues, Anne Cla\u00dfen, Birgit Harrendorf-Vorl\u00e4nder und Franz-Ludwig Bl\u00f6mker<\/figcaption><\/figure>\n<p>Die Erziehungshilfe St. Klara war nun Ziel eines Besuches des B\u00fcrgermeisterkandidaten Dr. Rudolf Grothues. Gemeinsam mit dem stellv. Landrat Franz-Ludwig Bl\u00f6mker und den Kreistagsabgeordneten Birgit Harrendorf-Vorl\u00e4nder und Anne Cla\u00dfen lie\u00df er sich die Arbeit dieser Jugendhilfeeinrichtung vorstellen. Grothues, der in der Vorg\u00e4ngereinrichtung, dem Kinder- und Jugendwohnheim St. Klara seinen Zivildienst absolviert hat, war sehr beeindruckt von den Ver\u00e4nderungen und Neuausrichtungen.<\/p>\n<p>In der Erziehungshilfe St. Klara, die in Tr\u00e4gerschaft des Caritasverbandes im Kreisdekanat Warendorf e.V. ist, werden heute neben der klassischen Heimunterbringung auch zahlreiche weitere station\u00e4re und ambulante Angebote vorgehalten. Und die nicht mehr nur auf Beckumer Gebiet sondern kreisweit, so der Leiter der Einrichtung, Dr. Christoph Heckmann.<\/p>\n<p>In insgesamt 10 Wohngruppen, davon 8 in Beckum, davon wiederum 4 auf dem Gel\u00e4nde am Paterweg, werden rund 90 Kinder und Jugendliche betreut. Neben Langzeitgruppen, heilp\u00e4dagogisch-therapeutischen Wohngruppen,\u00a0 Diagnostikgruppen und einer F\u00fcnftagegruppe gibt es auch ambulante Familienhilfen sowie einen Pflegekinderdienst.<\/p>\n<\/div>\n<div class=\"articleText2\">\n<div>Die drei Hobbit-Wohngruppen befinden sich seit 2013 in der Bauerschaft Unterberg. Daf\u00fcr hat der Caritasverband die R\u00e4ume des ehemaligen sozialtherapeutischen Zentrums \u201eHaus Unterberg\u201c umgebaut. In den Wohngruppen leben ausschlie\u00dflich Jungen, die dort eine intensive heilp\u00e4dagogische Betreuung erfahren. F\u00fcnf Kinder besuchen sogar innerhalb der Einrichtung eine eigene Schulstation, die eine ausgelagerte Klasse der Beckumer Sekundarschule ist.<\/div>\n<div>\n<p>Die Zusammenarbeit mit dem Beckumer Jugendamt und dem Kreisjugendamt wird als gut bezeichnet, so Herbert Kraft, gesch\u00e4ftsf\u00fchrendes Vorstandsmitglied des Caritasverbandes Warendorf, in dem Gespr\u00e4ch. In einem regelm\u00e4\u00dfigen Austausch werden Fragen und Unklarheiten besprochen und ausgetauscht.<\/p>\n<p>Derzeit noch v\u00f6llig offen ist die Frage, inwieweit auch die Erziehungshilfe St. Klara in die Unterst\u00fctzung von allein reisenden oder traumatisierten Fl\u00fcchtlingskindern einbezogen werden wird. Dass es dort Bedarf gibt, dar\u00fcber waren sich alle Beteiligten einig.<\/p>\n<\/div>\n<\/div>\n","protected":false},"excerpt":{"rendered":"<p>Die Erziehungshilfe St. Klara war nun Ziel eines Besuches des B\u00fcrgermeisterkandidaten Dr. Rudolf Grothues. Gemeinsam mit dem stellv. Landrat Franz-Ludwig Bl\u00f6mker und den Kreistagsabgeordneten Birgit Harrendorf-Vorl\u00e4nder und Anne Cla\u00dfen lie\u00df er sich die Arbeit dieser Jugendhilfeeinrichtung vorstellen. Grothues, der in der Vorg\u00e4ngereinrichtung, dem Kinder- und Jugendwohnheim St. Klara seinen Zivildienst absolviert hat, war sehr beeindruckt [&hellip;]<\/p>\n","protected":false},"author":1,"featured_media":0,"comment_status":"open","ping_status":"open","sticky":false,"template":"","format":"standard","meta":{"footnotes":""},"categories":[15],"tags":[],"class_list":["post-169","post","type-post","status-publish","format-standard","hentry","category-soziales"],"_links":{"self":[{"href":"http:\/\/rudolf-grothues.de\/index.php?rest_route=\/wp\/v2\/posts\/169","targetHints":{"allow":["GET"]}}],"collection":[{"href":"http:\/\/rudolf-grothues.de\/index.php?rest_route=\/wp\/v2\/posts"}],"about":[{"href":"http:\/\/rudolf-grothues.de\/index.php?rest_route=\/wp\/v2\/types\/post"}],"author":[{"embeddable":true,"href":"http:\/\/rudolf-grothues.de\/index.php?rest_route=\/wp\/v2\/users\/1"}],"replies":[{"embeddable":true,"href":"http:\/\/rudolf-grothues.de\/index.php?rest_route=%2Fwp%2Fv2%2Fcomments&post=169"}],"version-history":[{"count":1,"href":"http:\/\/rudolf-grothues.de\/index.php?rest_route=\/wp\/v2\/posts\/169\/revisions"}],"predecessor-version":[{"id":171,"href":"http:\/\/rudolf-grothues.de\/index.php?rest_route=\/wp\/v2\/posts\/169\/revisions\/171"}],"wp:attachment":[{"href":"http:\/\/rudolf-grothues.de\/index.php?rest_route=%2Fwp%2Fv2%2Fmedia&parent=169"}],"wp:term":[{"taxonomy":"category","embeddable":true,"href":"http:\/\/rudolf-grothues.de\/index.php?rest_route=%2Fwp%2Fv2%2Fcategories&post=169"},{"taxonomy":"post_tag","embeddable":true,"href":"http:\/\/rudolf-grothues.de\/index.php?rest_route=%2Fwp%2Fv2%2Ftags&post=169"}],"curies":[{"name":"wp","href":"https:\/\/api.w.org\/{rel}","templated":true}]}}