{"id":1560,"date":"2026-03-16T17:08:13","date_gmt":"2026-03-16T17:08:13","guid":{"rendered":"http:\/\/rudolf-grothues.de\/?p=1560"},"modified":"2026-03-16T17:10:31","modified_gmt":"2026-03-16T17:10:31","slug":"chaim-juedische-lebenswelten-im-religio","status":"publish","type":"post","link":"http:\/\/rudolf-grothues.de\/?p=1560","title":{"rendered":"CHAIM. J\u00fcdische Lebenswelten im Religio"},"content":{"rendered":"\n<p>Das Museum RELiGIO in Telgte ist ein kultur- und religionsgeschichtliches Museum, das sich mit dem Zusammenleben von Religionen und Konfessionen befasst und religi\u00f6se Vielfalt als Teil gesellschaftlicher Wirklichkeit thematisiert. In unmittelbarer N\u00e4he zur Alten Synagoge Telgte gelegen, widmet sich das Museum seit vielen Jahren der j\u00fcdischen, christlichen und muslimischen Geschichte sowie Fragen von Erinnerungskultur, Toleranz und interreligi\u00f6sem Dialog.<\/p>\n\n\n\n<p>Die Ausstellung \u201eCHAIM. J\u00fcdische Lebenswelten in NRW\u201c, die von Mai bis September 2027 im Museum RELiGIO Telgte gezeigt werden soll, reagiert auf den seit dem 7. Oktober 2023 deutlich gestiegenen Antisemitismus und die damit verbundenen gesellschaftlichen Herausforderungen. Ziel ist es, j\u00fcdisches Leben in Nordrhein-Westfalen \u2013 dem Bundesland mit der gr\u00f6\u00dften j\u00fcdischen Bev\u00f6lkerung in Deutschland \u2013 in seiner historischen Tiefe, kulturellen Vielfalt und gegenw\u00e4rtigen Realit\u00e4t sichtbar zu machen. Im Mittelpunkt sollen j\u00fcdische Stimmen und Biografien stehen, die Entwicklungen vom 19. Jahrhundert \u00fcber Holocaust und Neuanf\u00e4nge nach 1945 bis in die Gegenwart nachzeichnen. Geplant sind historische und zeitgen\u00f6ssische Exponate, Interviews sowie mediale und interaktive Elemente, erg\u00e4nzt durch ein Begleitprogramm mit Bildungs- und Vermittlungsangeboten. Dar\u00fcber hinaus soll die Ausstellung als Wanderausstellung konzipiert werden, um eine breite \u00d6ffentlichkeit zu erreichen.<\/p>\n\n\n\n<p>Begleitend zur Ausstellung ist die Ver\u00f6ffentlichung eines wissenschaftlich fundierten und zugleich allgemein verst\u00e4ndlichen Katalogs geplant. Dieser soll die Inhalte der Ausstellung vertiefen und durch Fachbeitr\u00e4ge erg\u00e4nzen. Der geplante Katalog soll die Ausstellung inhaltlich vertiefen und j\u00fcdische Lebenswelten in Nordrhein-Westfalen aus historischer wie gegenwartsbezogener Perspektive darstellen. Vorgesehen ist eine einf\u00fchrende Rahmung, an die sich Beitr\u00e4ge zur Geschichte des Landjudentums in Westfalen, zur Entwicklung der j\u00fcdischen Bev\u00f6lkerung in Telgte sowie zur Neugr\u00fcndung j\u00fcdischer Gemeinden in Nordrhein-Westfalen nach 1945 anschlie\u00dfen sollen. Erg\u00e4nzend sollen Texte zu religi\u00f6sen Regeln, Ritualen und Festen sowie zu aktuellen j\u00fcdischen Lebensrealit\u00e4ten in Deutschland aufgenommen werden, um die Vielfalt j\u00fcdischen Lebens sichtbar zu machen. Den Abschluss des Bandes soll eine Analyse des Antisemitismus in Deutschland nach dem 7. Oktober 2023 bilden, die den Bogen von historischen Erfahrungen zu gegenw\u00e4rtigen gesellschaftlichen Herausforderungen schlagen soll.\u00a0<\/p>\n\n\n\n<p>Die NRW-Stiftung f\u00f6rdert diesen Katalog mit 10.000 Euro.<\/p>\n","protected":false},"excerpt":{"rendered":"<p>Das Museum RELiGIO in Telgte ist ein kultur- und religionsgeschichtliches Museum, das sich mit dem Zusammenleben von Religionen und Konfessionen befasst und religi\u00f6se Vielfalt als Teil gesellschaftlicher Wirklichkeit thematisiert. In unmittelbarer N\u00e4he zur Alten Synagoge Telgte gelegen, widmet sich das Museum seit vielen Jahren der j\u00fcdischen, christlichen und muslimischen Geschichte sowie Fragen von Erinnerungskultur, Toleranz [&hellip;]<\/p>\n","protected":false},"author":1,"featured_media":1561,"comment_status":"open","ping_status":"open","sticky":false,"template":"","format":"standard","meta":{"footnotes":""},"categories":[36],"tags":[],"class_list":["post-1560","post","type-post","status-publish","format-standard","has-post-thumbnail","hentry","category-nrw-stiftung"],"_links":{"self":[{"href":"http:\/\/rudolf-grothues.de\/index.php?rest_route=\/wp\/v2\/posts\/1560","targetHints":{"allow":["GET"]}}],"collection":[{"href":"http:\/\/rudolf-grothues.de\/index.php?rest_route=\/wp\/v2\/posts"}],"about":[{"href":"http:\/\/rudolf-grothues.de\/index.php?rest_route=\/wp\/v2\/types\/post"}],"author":[{"embeddable":true,"href":"http:\/\/rudolf-grothues.de\/index.php?rest_route=\/wp\/v2\/users\/1"}],"replies":[{"embeddable":true,"href":"http:\/\/rudolf-grothues.de\/index.php?rest_route=%2Fwp%2Fv2%2Fcomments&post=1560"}],"version-history":[{"count":1,"href":"http:\/\/rudolf-grothues.de\/index.php?rest_route=\/wp\/v2\/posts\/1560\/revisions"}],"predecessor-version":[{"id":1562,"href":"http:\/\/rudolf-grothues.de\/index.php?rest_route=\/wp\/v2\/posts\/1560\/revisions\/1562"}],"wp:featuredmedia":[{"embeddable":true,"href":"http:\/\/rudolf-grothues.de\/index.php?rest_route=\/wp\/v2\/media\/1561"}],"wp:attachment":[{"href":"http:\/\/rudolf-grothues.de\/index.php?rest_route=%2Fwp%2Fv2%2Fmedia&parent=1560"}],"wp:term":[{"taxonomy":"category","embeddable":true,"href":"http:\/\/rudolf-grothues.de\/index.php?rest_route=%2Fwp%2Fv2%2Fcategories&post=1560"},{"taxonomy":"post_tag","embeddable":true,"href":"http:\/\/rudolf-grothues.de\/index.php?rest_route=%2Fwp%2Fv2%2Ftags&post=1560"}],"curies":[{"name":"wp","href":"https:\/\/api.w.org\/{rel}","templated":true}]}}