{"id":1414,"date":"2025-03-31T09:58:53","date_gmt":"2025-03-31T09:58:53","guid":{"rendered":"http:\/\/rudolf-grothues.de\/?p=1414"},"modified":"2025-06-11T09:02:15","modified_gmt":"2025-06-11T09:02:15","slug":"engagement-des-monats-der-nrw-stiftung-und-der-staatskanzlei-nrw-maerz-2025-ausgezeichnet","status":"publish","type":"post","link":"http:\/\/rudolf-grothues.de\/?p=1414","title":{"rendered":"Engagement des Monats der NRW-Stiftung und der Staatskanzlei NRW M\u00e4rz 2025 ausgezeichnet"},"content":{"rendered":"\n<p>Im Namen der Staatskanzlei des Landes Nordrhein-Westfalen und der NRW-Stiftung durfte ich den Sch\u00fclerinnen und Sch\u00fclern des Laurentianum-Gymnasiums Warendorf  jetzt die Urkunde dazu \u00fcberreichen und Ihnen herzlich zu dieser Auszeichnung gratulieren:<\/p>\n\n\n\n<p>Wie f\u00fchlt es sich an, als Jugendlicher eine soziale Einrichtung zu unterst\u00fctzen? Oder mit Senioren einen<br>Bingo-Nachmittag zu gestalten? Wie ver\u00e4ndert sich der Blick auf den eigenen Kosmos, wenn man die<br>n\u00e4here Umgebung pl\u00f6tzlich mit anderen Augen sieht? Sch\u00fclerinnen und Sch\u00fcler des Gymnasiums<br>Laurentianum in Warendorf machen genau diese Erfahrungen \u2013 und entdecken, wie erf\u00fcllend soziales<br>Engagement sein kann.<\/p>\n\n\n\n<p>Ehrenamt entdecken \u2013 mit allen Sinnen<br>Was genau steckt hinter dem Projekt \u201eSoziaL \u2013 Aktiv \u2013 Unterwegs\u201c? Die Sch\u00fclerinnen und Sch\u00fcler der 9.<br>und 10. Klasse w\u00e4hlen eine soziale Einrichtung aus und \u00fcberlegen, was sie dort tun k\u00f6nnen. Sie besuchen die Organisationen, helfen vor Ort mit und erstellen anschlie\u00dfend ein Produkt oder definieren ein Projekt, das sie selbst durchf\u00fchren k\u00f6nnen. Neben der Arbeit am Projekt soll im Wahlfach vor allem die Pers\u00f6nlichkeitsbildung und das Demokratieverst\u00e4ndnis der Jugendlichen gef\u00f6rdert werden. Bereits entstanden sind so unter anderem kleine Filme, die die Arbeit der jeweiligen Einrichtung sichtbar<br>machen oder Aktionen, wie eine virtuelle Fotoreise im Pflegeheim oder eine Kleidersammlung mit<br>anschlie\u00dfender Spende. Manche Sch\u00fclerinnen und Sch\u00fcler begleiten die Ausbildung von Hunden, die<br>Menschen in Altersheimen besuchen. Andere beteiligen sich an einer Smartphone-Sprechstunde f\u00fcr<br>Senioren. Wieder andere gestalten mit Kindern aus einer F\u00f6rderschule Kr\u00e4uterkisten.<\/p>\n\n\n\n<p>Besonders beeindruckend war f\u00fcr viele die Zusammenarbeit mit dem Warenkorb der Caritas in<br>Warendorf: Ehrenamtlich Helfende verteilen hier an drei Tagen in der Woche gespendete Lebensmittel<br>aus Superm\u00e4rkten, B\u00e4ckereien oder Produktionsbetrieben an bed\u00fcrftige Einwohner mit geringem<br>Einkommen. Die Sch\u00fclerinnen und Sch\u00fcler haben nicht nur bei der Lebensmittelausgabe unterst\u00fctzt,<br>sondern auch mehrsprachige Schilder erstellt, um die Orientierung f\u00fcr Hilfesuchende zu erleichtern.<br>Interviews mit Mitarbeitenden haben den Jugendlichen au\u00dferdem Einblicke in die soziale Arbeit gew\u00e4hrt<br>und ihr Bewusstsein f\u00fcr soziale Themen gesch\u00e4rft. Als Projektabschluss ist hier ein kurzer Film<br>entstanden, der anderen Mut machen soll, sich in diesem Bereich zu engagieren.<\/p>\n\n\n\n<p>Auch die sozialen Einrichtungen sind begeistert. \u201eViele sind offen auf uns zugekommen und haben<br>gefragt, ob wir nicht noch mehr machen k\u00f6nnen. Das Interesse ist gro\u00df \u2013 sowohl von Seiten der Sch\u00fcler<br>als auch der Partnerorganisationen.<\/p>\n\n\n\n<p>Mit dem Preisgeld f\u00fcr die Nominierung in H\u00f6he von 1.000 Euro soll das Projekt weiter ausgebaut werden.<br>Und wenn es gelingt, mit dem Engagementpreis NRW 2025 ausgezeichnet zu werden und damit<br>verbunden 5.000 Euro Preisgeld zu gewinnen? \u201eDann k\u00f6nnten wir bessere Technik f\u00fcr die Filmprojekte<br>anschaffen, weitere Workshops organisieren und so noch viel mehr Sch\u00fcler erreichen, um noch mehr<br>soziale Einrichtungen zu unterst\u00fctzen.&#8220;<br>Fest steht: Das Projekt \u201eSoziaL \u2013 Aktiv \u2013 Unterwegs\u201c ist mehr als nur ein Schulprojekt. Es ver\u00e4ndert<br>Perspektiven. Es zeigt Jugendlichen, dass sie etwas bewirken k\u00f6nnen. Und es bringt Menschen<br>zusammen, die sich sonst vielleicht nie begegnet w\u00e4ren.<\/p>\n","protected":false},"excerpt":{"rendered":"<p>Im Namen der Staatskanzlei des Landes Nordrhein-Westfalen und der NRW-Stiftung durfte ich den Sch\u00fclerinnen und Sch\u00fclern des Laurentianum-Gymnasiums Warendorf jetzt die Urkunde dazu \u00fcberreichen und Ihnen herzlich zu dieser Auszeichnung gratulieren: Wie f\u00fchlt es sich an, als Jugendlicher eine soziale Einrichtung zu unterst\u00fctzen? Oder mit Senioren einenBingo-Nachmittag zu gestalten? Wie ver\u00e4ndert sich der Blick auf [&hellip;]<\/p>\n","protected":false},"author":1,"featured_media":1417,"comment_status":"open","ping_status":"open","sticky":false,"template":"","format":"standard","meta":{"footnotes":""},"categories":[36],"tags":[],"class_list":["post-1414","post","type-post","status-publish","format-standard","has-post-thumbnail","hentry","category-nrw-stiftung"],"_links":{"self":[{"href":"http:\/\/rudolf-grothues.de\/index.php?rest_route=\/wp\/v2\/posts\/1414","targetHints":{"allow":["GET"]}}],"collection":[{"href":"http:\/\/rudolf-grothues.de\/index.php?rest_route=\/wp\/v2\/posts"}],"about":[{"href":"http:\/\/rudolf-grothues.de\/index.php?rest_route=\/wp\/v2\/types\/post"}],"author":[{"embeddable":true,"href":"http:\/\/rudolf-grothues.de\/index.php?rest_route=\/wp\/v2\/users\/1"}],"replies":[{"embeddable":true,"href":"http:\/\/rudolf-grothues.de\/index.php?rest_route=%2Fwp%2Fv2%2Fcomments&post=1414"}],"version-history":[{"count":1,"href":"http:\/\/rudolf-grothues.de\/index.php?rest_route=\/wp\/v2\/posts\/1414\/revisions"}],"predecessor-version":[{"id":1415,"href":"http:\/\/rudolf-grothues.de\/index.php?rest_route=\/wp\/v2\/posts\/1414\/revisions\/1415"}],"wp:featuredmedia":[{"embeddable":true,"href":"http:\/\/rudolf-grothues.de\/index.php?rest_route=\/wp\/v2\/media\/1417"}],"wp:attachment":[{"href":"http:\/\/rudolf-grothues.de\/index.php?rest_route=%2Fwp%2Fv2%2Fmedia&parent=1414"}],"wp:term":[{"taxonomy":"category","embeddable":true,"href":"http:\/\/rudolf-grothues.de\/index.php?rest_route=%2Fwp%2Fv2%2Fcategories&post=1414"},{"taxonomy":"post_tag","embeddable":true,"href":"http:\/\/rudolf-grothues.de\/index.php?rest_route=%2Fwp%2Fv2%2Ftags&post=1414"}],"curies":[{"name":"wp","href":"https:\/\/api.w.org\/{rel}","templated":true}]}}