{"id":1396,"date":"2024-12-12T14:33:29","date_gmt":"2024-12-12T14:33:29","guid":{"rendered":"http:\/\/rudolf-grothues.de\/?p=1396"},"modified":"2024-12-12T14:33:30","modified_gmt":"2024-12-12T14:33:30","slug":"erfolgreiches-geschaeftsjahr-fuer-die-beb-2023","status":"publish","type":"post","link":"http:\/\/rudolf-grothues.de\/?p=1396","title":{"rendered":"Erfolgreiches Gesch\u00e4ftsjahr f\u00fcr die BEB 2023"},"content":{"rendered":"\n<p><strong>Gutes Windjahr, weniger Sonne<\/strong><\/p>\n\n\n\n<figure class=\"wp-block-table\"><table><tbody><tr><td>Auf der Generalversammlung der Beckumer B\u00fcrgerenergiegenossenschaft BEB blickten Vorstand und Aufsichtsrat auf ein sehr erfolgreiches Windjahr 2023 zur\u00fcck. Die Ertr\u00e4ge der vier Windkraftanlagen, an denen die BEB beteiligt ist, lagen etwa 20 % \u00fcber den prognostizierten Durchschnittswerten. Besonders ertragreich waren die Monate Januar, Oktober, November und Dezember, in denen \u00fcber 50 % der Jahresstrommenge produziert wurden.Weniger erfreulich verlief das Jahr f\u00fcr die f\u00fcnf Photovoltaikanlagen, die die BEB eigenst\u00e4ndig betreibt. Mit insgesamt 182.019 kWh Strom lag der Ertrag rund 15 % unter dem Durchschnitt der Vorjahre. Besonders problematisch war eine aufwendige Reparatur der Anlage auf der Martinsschule, wie der Vorstandsvorsitzende Dr. Rudolf Grothues berichtete. Neben zwei defekten Wechselrichtern mussten auch einige besch\u00e4digte Module ausgetauscht werden.Trotz dieser Herausforderungen zeigten sich die Verantwortlichen zufrieden mit dem Gesamtergebnis. Der Vorstand schlug der Generalversammlung eine Dividende von 10 % auf den Nennwert der Genossenschaftsanteile vor \u2013 ein Vorschlag, der einstimmig angenommen wurde. Damit konnte zum zweiten Mal in Folge eine Dividende von 10 % ausgezahlt werden.Im Rahmen der Versammlung verabschiedete Aufsichtsratsvorsitzender Thomas Wulf zwei langj\u00e4hrige Vorstandsmitglieder: Heinz-Josef Heuckmann und J\u00f6rn Volkmann. Er w\u00fcrdigte ihr ehrenamtliches Engagement und \u00fcberreichte ihnen ein kleines Abschiedsgeschenk. Ab dem 01.01.2025 werden Caroline Konert und Johannes Bely, die bereits vom Aufsichtsrat bestellt wurden, ihre Nachfolge antreten.Abschlie\u00dfend bedankten sich Thomas Wulf und Dr. Rudolf Grothues bei allen Mitgliedern von Vorstand und Aufsichtsrat sowie bei den Genossinnen und Genossen f\u00fcr ihr Vertrauen und ihre Unterst\u00fctzung.<strong>\u00a0\u00a0<\/strong><br><strong>Bildunterschrift:<\/strong>Aufsichtsrat und Vorstand verabschiedeten Heinz-Josef Heuckmann und J\u00f6rn Volkmann (v.l.n.r.): Johannes Bely, Frank G\u00f6hler, Christian Ahlmer, Heinz-Josef Heuckmann, Thomas Wulf, J\u00f6rn Volkmann, Dr. Rudolf Grothues, Caroline Konert und Mario Tigges.\u00a0<\/td><\/tr><\/tbody><\/table><\/figure>\n","protected":false},"excerpt":{"rendered":"<p>Gutes Windjahr, weniger Sonne Auf der Generalversammlung der Beckumer B\u00fcrgerenergiegenossenschaft BEB blickten Vorstand und Aufsichtsrat auf ein sehr erfolgreiches Windjahr 2023 zur\u00fcck. Die Ertr\u00e4ge der vier Windkraftanlagen, an denen die BEB beteiligt ist, lagen etwa 20 % \u00fcber den prognostizierten Durchschnittswerten. Besonders ertragreich waren die Monate Januar, Oktober, November und Dezember, in denen \u00fcber 50 [&hellip;]<\/p>\n","protected":false},"author":1,"featured_media":1397,"comment_status":"open","ping_status":"open","sticky":false,"template":"","format":"standard","meta":{"footnotes":""},"categories":[37],"tags":[],"class_list":["post-1396","post","type-post","status-publish","format-standard","has-post-thumbnail","hentry","category-buergerenergiegenossenschaft-beckum"],"_links":{"self":[{"href":"http:\/\/rudolf-grothues.de\/index.php?rest_route=\/wp\/v2\/posts\/1396","targetHints":{"allow":["GET"]}}],"collection":[{"href":"http:\/\/rudolf-grothues.de\/index.php?rest_route=\/wp\/v2\/posts"}],"about":[{"href":"http:\/\/rudolf-grothues.de\/index.php?rest_route=\/wp\/v2\/types\/post"}],"author":[{"embeddable":true,"href":"http:\/\/rudolf-grothues.de\/index.php?rest_route=\/wp\/v2\/users\/1"}],"replies":[{"embeddable":true,"href":"http:\/\/rudolf-grothues.de\/index.php?rest_route=%2Fwp%2Fv2%2Fcomments&post=1396"}],"version-history":[{"count":1,"href":"http:\/\/rudolf-grothues.de\/index.php?rest_route=\/wp\/v2\/posts\/1396\/revisions"}],"predecessor-version":[{"id":1398,"href":"http:\/\/rudolf-grothues.de\/index.php?rest_route=\/wp\/v2\/posts\/1396\/revisions\/1398"}],"wp:featuredmedia":[{"embeddable":true,"href":"http:\/\/rudolf-grothues.de\/index.php?rest_route=\/wp\/v2\/media\/1397"}],"wp:attachment":[{"href":"http:\/\/rudolf-grothues.de\/index.php?rest_route=%2Fwp%2Fv2%2Fmedia&parent=1396"}],"wp:term":[{"taxonomy":"category","embeddable":true,"href":"http:\/\/rudolf-grothues.de\/index.php?rest_route=%2Fwp%2Fv2%2Fcategories&post=1396"},{"taxonomy":"post_tag","embeddable":true,"href":"http:\/\/rudolf-grothues.de\/index.php?rest_route=%2Fwp%2Fv2%2Ftags&post=1396"}],"curies":[{"name":"wp","href":"https:\/\/api.w.org\/{rel}","templated":true}]}}