{"id":1386,"date":"2024-11-25T11:58:28","date_gmt":"2024-11-25T11:58:28","guid":{"rendered":"http:\/\/rudolf-grothues.de\/?p=1386"},"modified":"2025-06-11T09:57:31","modified_gmt":"2025-06-11T09:57:31","slug":"weihnachtsmarkt-in-roland-eroeffnet","status":"publish","type":"post","link":"http:\/\/rudolf-grothues.de\/?p=1386","title":{"rendered":"Weihnachtsmarkt in Roland er\u00f6ffnet"},"content":{"rendered":"\n<p>Liebe Rol\u00e4nderinnen und Rol\u00e4nder,<\/p>\n\n\n\n<p>liebe Besucherinnen und Besucher des Rol\u00e4nder Weihnachtsmarkts!<\/p>\n\n\n\n<p>St\u00f6bern, Schlendern, Schnabulieren, und das in vorweihnachtlichem Ambiente, in netter Gesellschaft und bei bester Unterhaltung: Das bietet der Weihnachtsmarkt Roland, zu dem ich Sie alle ganz herzlich willkommen hei\u00dfe!<\/p>\n\n\n\n<p>Er ist immer der erste im Reigen der Beckumer Weihnachtsm\u00e4rkte und auch einer der ersten im Kreis Warendorf. Hier am und im B\u00fcrgerzentrum kommt immer gut eine Woche vor dem 1. Advent bereits ordentlich Weihnachtsstimmung auf.<\/p>\n\n\n\n<p>Daf\u00fcr sorgen die geschm\u00fcckten St\u00e4nde mit sch\u00f6nen Kostbarkeiten, das weihnachtliche Unterhaltungsprogramm und die Leckereien. Auch der Nikolaus hat seinen Besuch angek\u00fcndigt. Neben dem gem\u00fctlichen Bummeln in stimmungsvoller Atmosph\u00e4re trifft man sich hier mit der Nachbarschaft, der Familie, mit Freundinnen und Freunden auf einen Gl\u00fchwein oder einen Imbiss.\u00a0 Dabei darf auch das Stockbrotbacken am Lagerfeuer wieder nicht fehlen. Der beschauliche Markt in Roland ist vielf\u00e4ltig und besonders urig.\u00a0<\/p>\n\n\n\n<p>Ich bedanke mich ganz herzlich bei den Ehrenamtlichen vom F\u00f6rderverein des B\u00fcrgerzentrums Roland f\u00fcr die selbst\u00e4ndige Organisation des Marktes, bei den Sponsoren, die uns finanziell unterst\u00fctzen, bei den Mitwirkenden an den St\u00e4nden und auf der B\u00fchne sowie bei den Teams des Stadtmarketing und der St\u00e4dtischen Betriebe Beckum!&nbsp;<\/p>\n\n\n\n<p>Die Besucherinnen und Besucher k\u00f6nnen hier einen sch\u00f6nen und ausgelassenen Tag genie\u00dfen, der keine W\u00fcnsche offenl\u00e4sst. Vielleicht l\u00e4sst sich hier bereits der eine oder andere Weihnachtswunsch erf\u00fcllen. Ich w\u00fcnsche dabei viel Freude und allen eine friedvolle und besinnliche Vorweihnachtszeit!\u00a0<\/p>\n","protected":false},"excerpt":{"rendered":"<p>Liebe Rol\u00e4nderinnen und Rol\u00e4nder, liebe Besucherinnen und Besucher des Rol\u00e4nder Weihnachtsmarkts! St\u00f6bern, Schlendern, Schnabulieren, und das in vorweihnachtlichem Ambiente, in netter Gesellschaft und bei bester Unterhaltung: Das bietet der Weihnachtsmarkt Roland, zu dem ich Sie alle ganz herzlich willkommen hei\u00dfe! Er ist immer der erste im Reigen der Beckumer Weihnachtsm\u00e4rkte und auch einer der ersten [&hellip;]<\/p>\n","protected":false},"author":1,"featured_media":1387,"comment_status":"open","ping_status":"open","sticky":false,"template":"","format":"standard","meta":{"footnotes":""},"categories":[10],"tags":[],"class_list":["post-1386","post","type-post","status-publish","format-standard","has-post-thumbnail","hentry","category-stellv-buergermeister"],"_links":{"self":[{"href":"http:\/\/rudolf-grothues.de\/index.php?rest_route=\/wp\/v2\/posts\/1386","targetHints":{"allow":["GET"]}}],"collection":[{"href":"http:\/\/rudolf-grothues.de\/index.php?rest_route=\/wp\/v2\/posts"}],"about":[{"href":"http:\/\/rudolf-grothues.de\/index.php?rest_route=\/wp\/v2\/types\/post"}],"author":[{"embeddable":true,"href":"http:\/\/rudolf-grothues.de\/index.php?rest_route=\/wp\/v2\/users\/1"}],"replies":[{"embeddable":true,"href":"http:\/\/rudolf-grothues.de\/index.php?rest_route=%2Fwp%2Fv2%2Fcomments&post=1386"}],"version-history":[{"count":1,"href":"http:\/\/rudolf-grothues.de\/index.php?rest_route=\/wp\/v2\/posts\/1386\/revisions"}],"predecessor-version":[{"id":1388,"href":"http:\/\/rudolf-grothues.de\/index.php?rest_route=\/wp\/v2\/posts\/1386\/revisions\/1388"}],"wp:featuredmedia":[{"embeddable":true,"href":"http:\/\/rudolf-grothues.de\/index.php?rest_route=\/wp\/v2\/media\/1387"}],"wp:attachment":[{"href":"http:\/\/rudolf-grothues.de\/index.php?rest_route=%2Fwp%2Fv2%2Fmedia&parent=1386"}],"wp:term":[{"taxonomy":"category","embeddable":true,"href":"http:\/\/rudolf-grothues.de\/index.php?rest_route=%2Fwp%2Fv2%2Fcategories&post=1386"},{"taxonomy":"post_tag","embeddable":true,"href":"http:\/\/rudolf-grothues.de\/index.php?rest_route=%2Fwp%2Fv2%2Ftags&post=1386"}],"curies":[{"name":"wp","href":"https:\/\/api.w.org\/{rel}","templated":true}]}}