{"id":1372,"date":"2024-09-14T12:54:16","date_gmt":"2024-09-14T12:54:16","guid":{"rendered":"http:\/\/rudolf-grothues.de\/?p=1372"},"modified":"2024-09-14T12:55:26","modified_gmt":"2024-09-14T12:55:26","slug":"233-000-euro-von-der-nrw-stiftung-fuer-die-renovierung-des-torwaechterhauses","status":"publish","type":"post","link":"http:\/\/rudolf-grothues.de\/?p=1372","title":{"rendered":"233.000 Euro von der NRW-Stiftung f\u00fcr die Renovierung des Torw\u00e4chterhauses"},"content":{"rendered":"\n<p>Von Lisa Vo\u00df-Loermann, Ahlener Tagesblatt<\/p>\n\n\n\n<p>Das Torw\u00e4chterhaus z\u00e4hlt zu den \u00e4ltesten Profanbauten Ahlens und erh\u00e4lt nun eine gro\u00dfz\u00fcgige F\u00f6rderung durch die NRW-Stiftung. Das Geld wird f\u00fcr die dringend n\u00f6tige Renovierung des k\u00fcnftigen Sitzes des Heimatvereins verwendet.<\/p>\n\n\n\n<p>Die st\u00e4dtische Denkmalpflegerin kennt das genaue, sensationelle Datum: \u201eDer \u00e4lteste gefundene Balken stammt aus dem Jahr 1528\u201c, erkl\u00e4rte Nicole Wittkemper-Peilert beim Pressetermin. Damit ist das Torw\u00e4chterhaus an der Kampstra\u00dfe 37 verbrieft eines der \u00e4ltesten bekannten Profanbauten Ahlens. Am Freitagmittag erfuhr Silke B\u00fcscher-Wagner als Vorsitzende des Vereins der Stadtbildmacher f\u00fcr das historische Gem\u00e4uer eine ganz besondere Zuwendung. Die stattliche Summe von 233.000 Euro im Wege einer F\u00f6rderurkunde der NRW-Stiftung \u00fcberbrachten Dr. Ute R\u00f6der und Dr. Rudolf Grothues.<\/p>\n\n\n\n<p>\u201eHeute geht es um etwas Gro\u00dfes\u201c, betonte Dr. R\u00f6der vor der \u00dcbergabe der Urkunde, denn der Betrag, gedacht f\u00fcr die Renovierung des Hauses, sei auch f\u00fcr die NRW-Stiftung kein Pappenstiehl. Um so viel Geld weiterzugeben, m\u00fcssten bei den Empf\u00e4ngern wichtige Kriterien erf\u00fcllt sein. \u201eUns ist es wichtig, dass das Ehrenamt dahinter steht, und ich sehe hier die Begeisterung bei den Ehrenamtlichen\u201c, kommentierte die \u00dcberbringerin die Freude bei den Vorstandsmitgliedern Carmen L\u00fctkehaus, Christa Quante-Ottemeier, Christa Schwab (Heimatverein) und Silke B\u00fcscher-Wagner.<\/p>\n\n\n\n<p>Gemeinsam mit dem ehrenamtlichen Denkmalbeauftragten der Stadt, Bernd Schulze Beerhorst, der Denkmalpflegerin Nicole Wittkemper-Peilert und dem Stellvertretenden B\u00fcrgermeister Mathias Hamann besichtigte das Duo der NRW-Stiftung das Haus, das sichtbar renovierungsbed\u00fcrftig ist. \u201eUns ist es dar\u00fcber hinaus wichtig, dass das Geb\u00e4ude nach der Renovierung mit Leben gef\u00fcllt wird\u201c, so Dr. R\u00f6der weiter, denn eine tote Liegenschaft, die einfach nur sch\u00f6n restauriert werde, sei sicher nicht Sinn der Sache.<\/p>\n\n\n\n<p>Doch da konnte Silke B\u00fcscher-Wagner sie beruhigen. Geplant sei, das Haus als Sitz des Heimatvereins Ahlen zu nutzen, der derzeit noch in Mittrops Hof residiere. Das best\u00e4tigte auch Christa Schwab, die versicherte, man werde die westf\u00e4lische Tradition im Sinne des Heimatvereins leben und f\u00f6rdern.<\/p>\n\n\n\n<p>Besonders lobte Dr. Ute R\u00f6der, dass die Stadtbildmacher von Anfang an die Fachbeh\u00f6rde mit einbezogen haben, wie Nicole Wittkemper-Peilert best\u00e4tigen konnte. \u201eDas zeugt nach unserer Auffassung von einer verantwortungsbewussten Behandlung des alten Geb\u00e4udes\u201c, so R\u00f6der, die damit sicher war, dass das \u201eviele Geld in gute H\u00e4nde\u201c komme. Ein wesentliches Kriterium f\u00fcr die Stiftungs-F\u00f6rderung sei es, dass die NRW-Stiftung nicht die einzige Geldgeberin sei. Auch das sei gew\u00e4hrleistet, stellte R\u00f6der fest, und damit habe man die NRW-Stiftung endg\u00fcltig \u00fcberzeugt.<\/p>\n\n\n\n<p>Unterst\u00fctzung haben die Stadtbildmacher auch von zahlreichen privaten Geldgebern bekommen sowie vom Rotary-Club Ahlen, der Sparkassen-Stiftung, der Volksbank Ahlen, der Annelie-Leifeld-Stiftung sowie dem Heimatzeugnis NRW. Auch daf\u00fcr bedankte sich Silke B\u00fcscher-Wagner ausdr\u00fccklich.<\/p>\n","protected":false},"excerpt":{"rendered":"<p>Von Lisa Vo\u00df-Loermann, Ahlener Tagesblatt Das Torw\u00e4chterhaus z\u00e4hlt zu den \u00e4ltesten Profanbauten Ahlens und erh\u00e4lt nun eine gro\u00dfz\u00fcgige F\u00f6rderung durch die NRW-Stiftung. Das Geld wird f\u00fcr die dringend n\u00f6tige Renovierung des k\u00fcnftigen Sitzes des Heimatvereins verwendet. Die st\u00e4dtische Denkmalpflegerin kennt das genaue, sensationelle Datum: \u201eDer \u00e4lteste gefundene Balken stammt aus dem Jahr 1528\u201c, erkl\u00e4rte Nicole [&hellip;]<\/p>\n","protected":false},"author":1,"featured_media":1373,"comment_status":"open","ping_status":"open","sticky":false,"template":"","format":"standard","meta":{"footnotes":""},"categories":[36],"tags":[],"class_list":["post-1372","post","type-post","status-publish","format-standard","has-post-thumbnail","hentry","category-nrw-stiftung"],"_links":{"self":[{"href":"http:\/\/rudolf-grothues.de\/index.php?rest_route=\/wp\/v2\/posts\/1372","targetHints":{"allow":["GET"]}}],"collection":[{"href":"http:\/\/rudolf-grothues.de\/index.php?rest_route=\/wp\/v2\/posts"}],"about":[{"href":"http:\/\/rudolf-grothues.de\/index.php?rest_route=\/wp\/v2\/types\/post"}],"author":[{"embeddable":true,"href":"http:\/\/rudolf-grothues.de\/index.php?rest_route=\/wp\/v2\/users\/1"}],"replies":[{"embeddable":true,"href":"http:\/\/rudolf-grothues.de\/index.php?rest_route=%2Fwp%2Fv2%2Fcomments&post=1372"}],"version-history":[{"count":2,"href":"http:\/\/rudolf-grothues.de\/index.php?rest_route=\/wp\/v2\/posts\/1372\/revisions"}],"predecessor-version":[{"id":1375,"href":"http:\/\/rudolf-grothues.de\/index.php?rest_route=\/wp\/v2\/posts\/1372\/revisions\/1375"}],"wp:featuredmedia":[{"embeddable":true,"href":"http:\/\/rudolf-grothues.de\/index.php?rest_route=\/wp\/v2\/media\/1373"}],"wp:attachment":[{"href":"http:\/\/rudolf-grothues.de\/index.php?rest_route=%2Fwp%2Fv2%2Fmedia&parent=1372"}],"wp:term":[{"taxonomy":"category","embeddable":true,"href":"http:\/\/rudolf-grothues.de\/index.php?rest_route=%2Fwp%2Fv2%2Fcategories&post=1372"},{"taxonomy":"post_tag","embeddable":true,"href":"http:\/\/rudolf-grothues.de\/index.php?rest_route=%2Fwp%2Fv2%2Ftags&post=1372"}],"curies":[{"name":"wp","href":"https:\/\/api.w.org\/{rel}","templated":true}]}}