{"id":1328,"date":"2024-06-22T06:57:26","date_gmt":"2024-06-22T06:57:26","guid":{"rendered":"http:\/\/rudolf-grothues.de\/?p=1328"},"modified":"2024-06-22T07:01:26","modified_gmt":"2024-06-22T07:01:26","slug":"entlassung-der-10-klassen-der-rosa-parks-gesamtschule-standort-neubeckum","status":"publish","type":"post","link":"http:\/\/rudolf-grothues.de\/?p=1328","title":{"rendered":"Entlassung der 10. Klassen der Rosa Parks Gesamtschule,\u00a0Standort Neubeckum"},"content":{"rendered":"\n<p>Liebe Sch\u00fclerinnen und Sch\u00fcler!&nbsp; Liebe Eltern! Liebe Angeh\u00f6rige!<\/p>\n\n\n\n<p>Sehr geehrter Herr Dunkel, liebe Schulgemeinde!<\/p>\n\n\n\n<p>Ich begr\u00fc\u00dfe Sie alle im Namen der Stadt Beckum und gratuliere den Schulabg\u00e4ngerinnen und Schulabg\u00e4ngern ganz herzlich zum erfolgreichen Abschluss der 10. Klasse!&nbsp;<\/p>\n\n\n\n<p>Ich danke der Schulleitung und dem Lehrerkollegium f\u00fcr die gute und engagierte Arbeit! Und auch den Eltern gratuliere ich herzlich zum Erfolg ihrer Kinder. Sie haben sie die Schulzeit hindurch begleitet und ihnen sicherlich immer mit Rat und Tat beiseite gestanden.<\/p>\n\n\n\n<p>Liebe Schulabg\u00e4ngerinnen und Schulabg\u00e4nger,&nbsp;<\/p>\n\n\n\n<p>f\u00fcr Sie geht heute ein Weg zu Ende, und es beginnt ein neuer Lebensabschnitt. Jetzt beginnt gem\u00e4\u00df dem Motto auf der Einladung \u201eyour time to shine\u201c ein neuer Lebensabschnitt. Sie haben in den letzten Monaten nicht nur f\u00fcr die Schule geb\u00fcffelt und an einem guten und glanzvollen Abschluss gefeilt. Sie haben auch wichtige Entscheidungen f\u00fcr Ihre Zukunft getroffen. Einige werden sicher in die Oberstufe starten und damit ihren Weg zum Abitur antreten, andere beginnen eine Berufsausbildung oder wechseln an eine andere Schule.&nbsp;&nbsp;<\/p>\n\n\n\n<figure class=\"wp-block-image size-large\"><img loading=\"lazy\" decoding=\"async\" width=\"1024\" height=\"768\" src=\"http:\/\/rudolf-grothues.de\/wp-content\/uploads\/2024\/06\/10-2-1-1024x768.jpeg\" alt=\"\" class=\"wp-image-1331\" srcset=\"http:\/\/rudolf-grothues.de\/wp-content\/uploads\/2024\/06\/10-2-1-1024x768.jpeg 1024w, http:\/\/rudolf-grothues.de\/wp-content\/uploads\/2024\/06\/10-2-1-300x225.jpeg 300w, http:\/\/rudolf-grothues.de\/wp-content\/uploads\/2024\/06\/10-2-1-768x576.jpeg 768w, http:\/\/rudolf-grothues.de\/wp-content\/uploads\/2024\/06\/10-2-1-850x638.jpeg 850w, http:\/\/rudolf-grothues.de\/wp-content\/uploads\/2024\/06\/10-2-1.jpeg 1280w\" sizes=\"auto, (max-width: 1024px) 100vw, 1024px\" \/><\/figure>\n\n\n\n<p>Ganz gleich, wof\u00fcr Sie sich entschieden haben, Sie stehen auf Ihrem Lebensweg an einer Gabel, die in die eine oder die andere Richtung f\u00fchrt. Ich w\u00fcnsche Ihnen, dass Sie Ihr Weg immer sicher zum Ziel f\u00fchrt. Dabei ist es nicht schlimm, wenn es auch einmal zu einem Umweg oder einem Irrweg kommt. Wichtig ist nur, bald einen guten Weg zu finden, der in eine neue und passendere Richtung f\u00fchrt.&nbsp;<\/p>\n\n\n\n<p>Daf\u00fcr braucht man Vertrauen zu sich selbst, man sollte die eigenen St\u00e4rken gut kennen und auf sein Bauchgef\u00fchl h\u00f6ren, aber auch auf gute Beraterinnen und Berater, die Sie sicher in Ihren Eltern, Freundinnen und Freunden, Geschwistern oder Lehrkr\u00e4ften hatten und haben.&nbsp;<\/p>\n\n\n\n<figure class=\"wp-block-image size-large\"><img loading=\"lazy\" decoding=\"async\" width=\"1024\" height=\"768\" src=\"http:\/\/rudolf-grothues.de\/wp-content\/uploads\/2024\/06\/10-3-1-1024x768.jpeg\" alt=\"\" class=\"wp-image-1332\" srcset=\"http:\/\/rudolf-grothues.de\/wp-content\/uploads\/2024\/06\/10-3-1-1024x768.jpeg 1024w, http:\/\/rudolf-grothues.de\/wp-content\/uploads\/2024\/06\/10-3-1-300x225.jpeg 300w, http:\/\/rudolf-grothues.de\/wp-content\/uploads\/2024\/06\/10-3-1-768x576.jpeg 768w, http:\/\/rudolf-grothues.de\/wp-content\/uploads\/2024\/06\/10-3-1-850x638.jpeg 850w, http:\/\/rudolf-grothues.de\/wp-content\/uploads\/2024\/06\/10-3-1.jpeg 1280w\" sizes=\"auto, (max-width: 1024px) 100vw, 1024px\" \/><\/figure>\n\n\n\n<p>\u201eOur time to shine. Wir sind die Sterne, die heute leuchten.\u201c Das ist ein sch\u00f6nes Bild. Nach 6 gemeinsamen Schuljahren, gepr\u00e4gt von Lernen und hoffentlich vielen Erfolgen, von Freundschaften, tollen Ereignissen und Aktionen, von wichtigen Begegnungen und der Entfaltung Ihrer Pers\u00f6nlichkeit stehen Sie heute im Mittelpunkt. Sie funkeln und strahlen um die Wette, denn Sie haben eine wichtige Etappe in Ihrem Leben erreicht.<\/p>\n\n\n\n<p>Ich w\u00fcnsche Ihnen, dass Ihr Stern so leuchtet, wie Sie es sich w\u00fcnschen und er niemals sinkt, dass Sie in Ihrem Leben viele glanzvolle Momente erleben und dass Sie weit in die Welt hineinstrahlen!&nbsp;&nbsp;<\/p>\n\n\n\n<p>Sie kennen sicher das Sternenbild \u201eGro\u00dfer Wagen\u201c. Ich w\u00fcnsche Ihnen, dass Sie immer Menschen an Ihrer Seite haben, mit denen Sie gemeinsam Gr\u00f6\u00dferes bilden und entwickeln, mit denen Sie in eine Richtung gehen und eben gemeinsam leuchten!<\/p>\n\n\n\n<h4 class=\"wp-block-heading\">In diesem Sinne w\u00fcnsche ich Ihnen einen glanzvollen und ruhmreichen weiteren Lebensweg und f\u00fcr heute noch eine glamour\u00f6se Feier!<\/h4>\n","protected":false},"excerpt":{"rendered":"<p>Liebe Sch\u00fclerinnen und Sch\u00fcler!&nbsp; Liebe Eltern! Liebe Angeh\u00f6rige! Sehr geehrter Herr Dunkel, liebe Schulgemeinde! Ich begr\u00fc\u00dfe Sie alle im Namen der Stadt Beckum und gratuliere den Schulabg\u00e4ngerinnen und Schulabg\u00e4ngern ganz herzlich zum erfolgreichen Abschluss der 10. Klasse!&nbsp; Ich danke der Schulleitung und dem Lehrerkollegium f\u00fcr die gute und engagierte Arbeit! Und auch den Eltern gratuliere [&hellip;]<\/p>\n","protected":false},"author":1,"featured_media":1329,"comment_status":"open","ping_status":"open","sticky":false,"template":"","format":"standard","meta":{"footnotes":""},"categories":[11],"tags":[],"class_list":["post-1328","post","type-post","status-publish","format-standard","has-post-thumbnail","hentry","category-schule"],"_links":{"self":[{"href":"http:\/\/rudolf-grothues.de\/index.php?rest_route=\/wp\/v2\/posts\/1328","targetHints":{"allow":["GET"]}}],"collection":[{"href":"http:\/\/rudolf-grothues.de\/index.php?rest_route=\/wp\/v2\/posts"}],"about":[{"href":"http:\/\/rudolf-grothues.de\/index.php?rest_route=\/wp\/v2\/types\/post"}],"author":[{"embeddable":true,"href":"http:\/\/rudolf-grothues.de\/index.php?rest_route=\/wp\/v2\/users\/1"}],"replies":[{"embeddable":true,"href":"http:\/\/rudolf-grothues.de\/index.php?rest_route=%2Fwp%2Fv2%2Fcomments&post=1328"}],"version-history":[{"count":2,"href":"http:\/\/rudolf-grothues.de\/index.php?rest_route=\/wp\/v2\/posts\/1328\/revisions"}],"predecessor-version":[{"id":1333,"href":"http:\/\/rudolf-grothues.de\/index.php?rest_route=\/wp\/v2\/posts\/1328\/revisions\/1333"}],"wp:featuredmedia":[{"embeddable":true,"href":"http:\/\/rudolf-grothues.de\/index.php?rest_route=\/wp\/v2\/media\/1329"}],"wp:attachment":[{"href":"http:\/\/rudolf-grothues.de\/index.php?rest_route=%2Fwp%2Fv2%2Fmedia&parent=1328"}],"wp:term":[{"taxonomy":"category","embeddable":true,"href":"http:\/\/rudolf-grothues.de\/index.php?rest_route=%2Fwp%2Fv2%2Fcategories&post=1328"},{"taxonomy":"post_tag","embeddable":true,"href":"http:\/\/rudolf-grothues.de\/index.php?rest_route=%2Fwp%2Fv2%2Ftags&post=1328"}],"curies":[{"name":"wp","href":"https:\/\/api.w.org\/{rel}","templated":true}]}}