{"id":1309,"date":"2024-05-30T11:31:07","date_gmt":"2024-05-30T11:31:07","guid":{"rendered":"http:\/\/rudolf-grothues.de\/?p=1309"},"modified":"2024-05-30T11:31:08","modified_gmt":"2024-05-30T11:31:08","slug":"wissenswertes-ueber-die-faire-hanse-und-fairtrade","status":"publish","type":"post","link":"http:\/\/rudolf-grothues.de\/?p=1309","title":{"rendered":"Wissenswertes \u00fcber die Faire Hanse und Fairtrade"},"content":{"rendered":"\n<p>Text und Foto: Sandra Berges, Stadt Beckum: v. l. Fachbereichsleiterin Cornelia Baumann, der Hansedelegierte Dr. Rudolf Grothues, B\u00fcrgermeister Michael Gerdhenrich und VHS-Leiter Dr. J\u00fcrgen Rauter\u00a0<\/p>\n\n\n\n<hr class=\"wp-block-separator has-alpha-channel-opacity\"\/>\n\n\n\n<p>Im Jubil\u00e4umsjahr richtet Beckum den 41. Westf\u00e4lischen Hansetag aus. In diesem Zusammenhang zeigt die Volkshochschule Beckum-Wadersloh eine Bilderausstellung, die sowohl die Geschichte der Hanse als auch den Aspekt \u201eFairtrade\u201c thematisiert.<br><\/p>\n\n\n\n<h2 class=\"wp-block-heading\" id=\"alte-zeugnisse-f0b3cbcc\">Alte Zeugnisse<\/h2>\n\n\n\n<p>Auch wenn es heute etwas ungew\u00f6hnlich klingt: Beckum war einst Mitglied im mittelalterlichen Hansebund. Der \u00e4lteste Nachweis ist der Tod des Beckumer Kauffahrers Gerhard Schuttort in Stockholm im Jahr 1433. 5 Jahre sp\u00e4ter berichtet der Beckumer Kaufmann Cord Grotehues von seiner Reise zum Hansekontor nach Bergen. Die beiden Zeugnisse verdeutlichen, dass Beckums B\u00fcrger sp\u00e4testens seit dem 15. Jahrhundert in den Handel der Hanse involviert waren.<\/p>\n\n\n\n<h2 class=\"wp-block-heading\" id=\"die-historische-hanse-f0b3cbcc\">Die historische Hanse<\/h2>\n\n\n\n<p>Die Hanse ist ein Bund norddeutscher St\u00e4dte aus einzelnen Kaufmannsgenossenschaften und kleineren Hansen. Das Wort stammt von germanisch \u201aHansa\u2018, das Schar oder Kohorte bedeutete. Als kaufm\u00e4nnische Vereinigung mit bestimmten richterlichen Befugnissen ist das Wort \u201aHanse\u2018 seit dem Jahr 799 in Regensburg dokumentiert. Sp\u00e4ter fand der Begriff in ganz Deutschland als \u201aVereinigung, Genossenschaft\u2018 Verwendung.<\/p>\n\n\n\n<p>Die Verbreitung der Hanse \u00fcber den Nordsee- und Ostseeraum erweiterte ihre Aufgaben als Schutzorganisation f\u00fcr Kaufleute, die im Ausland agierten, w\u00e4hrend andererseits der Zugang zu den M\u00e4rkten von der Hanse reguliert wurde. Auch Streitf\u00e4lle landeten bei der Hanse. Mit dem Eintritt der St\u00e4dte verst\u00e4rkte sich die Position der Hanse zusehends. Die Hanse \u00fcberdauerte zun\u00e4chst bis 1669, wurde aber beim letzten Hansetag in L\u00fcbeck als Bund de facto aufgel\u00f6st.<\/p>\n\n\n\n<h2 class=\"wp-block-heading\" id=\"der-staedtebund-die-hanse-f0b3cbcc\">Der St\u00e4dtebund Die Hanse<\/h2>\n\n\n\n<p>Der heutige St\u00e4dtebund DIE HANSE ist ein aktives Netzwerk zwischen St\u00e4dten, die einst der historischen Hanse angeh\u00f6rten oder mit diesen St\u00e4dten im regen Handelsaustausch standen. Gegr\u00fcndet wurde dieser St\u00e4dtebund im Jahre 1980 in der niederl\u00e4ndischen Stadt Zwolle und ist seither die weltweit gr\u00f6\u00dfte freiwillige St\u00e4dtegemeinschaft, der auch Beckum angeh\u00f6rt.<\/p>\n\n\n\n<h2 class=\"wp-block-heading\" id=\"ausstellung-vom-14-mai-bis-14-juni-f0b3cbcc\">Ausstellung vom 14. Mai bis 14. Juni<\/h2>\n\n\n\n<p>Die Ausstellung im Erdgeschoss ist noch bis zum 14. Juni w\u00e4hrend der \u00d6ffnungszeiten der VHS, 07:30 bis 21:30 Uhr, zu besichtigen. Die informativen Aufsteller wurden freundlicherweise vom St\u00e4dtebund DIE HANSE zur Verf\u00fcgung gestellt.<\/p>\n","protected":false},"excerpt":{"rendered":"<p>Text und Foto: Sandra Berges, Stadt Beckum: v. l. Fachbereichsleiterin Cornelia Baumann, der Hansedelegierte Dr. Rudolf Grothues, B\u00fcrgermeister Michael Gerdhenrich und VHS-Leiter Dr. J\u00fcrgen Rauter\u00a0 Im Jubil\u00e4umsjahr richtet Beckum den 41. Westf\u00e4lischen Hansetag aus. In diesem Zusammenhang zeigt die Volkshochschule Beckum-Wadersloh eine Bilderausstellung, die sowohl die Geschichte der Hanse als auch den Aspekt \u201eFairtrade\u201c thematisiert. [&hellip;]<\/p>\n","protected":false},"author":1,"featured_media":1310,"comment_status":"open","ping_status":"open","sticky":false,"template":"","format":"standard","meta":{"footnotes":""},"categories":[5],"tags":[],"class_list":["post-1309","post","type-post","status-publish","format-standard","has-post-thumbnail","hentry","category-fairtrade"],"_links":{"self":[{"href":"http:\/\/rudolf-grothues.de\/index.php?rest_route=\/wp\/v2\/posts\/1309","targetHints":{"allow":["GET"]}}],"collection":[{"href":"http:\/\/rudolf-grothues.de\/index.php?rest_route=\/wp\/v2\/posts"}],"about":[{"href":"http:\/\/rudolf-grothues.de\/index.php?rest_route=\/wp\/v2\/types\/post"}],"author":[{"embeddable":true,"href":"http:\/\/rudolf-grothues.de\/index.php?rest_route=\/wp\/v2\/users\/1"}],"replies":[{"embeddable":true,"href":"http:\/\/rudolf-grothues.de\/index.php?rest_route=%2Fwp%2Fv2%2Fcomments&post=1309"}],"version-history":[{"count":1,"href":"http:\/\/rudolf-grothues.de\/index.php?rest_route=\/wp\/v2\/posts\/1309\/revisions"}],"predecessor-version":[{"id":1311,"href":"http:\/\/rudolf-grothues.de\/index.php?rest_route=\/wp\/v2\/posts\/1309\/revisions\/1311"}],"wp:featuredmedia":[{"embeddable":true,"href":"http:\/\/rudolf-grothues.de\/index.php?rest_route=\/wp\/v2\/media\/1310"}],"wp:attachment":[{"href":"http:\/\/rudolf-grothues.de\/index.php?rest_route=%2Fwp%2Fv2%2Fmedia&parent=1309"}],"wp:term":[{"taxonomy":"category","embeddable":true,"href":"http:\/\/rudolf-grothues.de\/index.php?rest_route=%2Fwp%2Fv2%2Fcategories&post=1309"},{"taxonomy":"post_tag","embeddable":true,"href":"http:\/\/rudolf-grothues.de\/index.php?rest_route=%2Fwp%2Fv2%2Ftags&post=1309"}],"curies":[{"name":"wp","href":"https:\/\/api.w.org\/{rel}","templated":true}]}}