{"id":1302,"date":"2024-05-25T23:16:00","date_gmt":"2024-05-25T23:16:00","guid":{"rendered":"http:\/\/rudolf-grothues.de\/?p=1302"},"modified":"2024-05-28T07:39:33","modified_gmt":"2024-05-28T07:39:33","slug":"50-jahre-kita-st-nikolaus","status":"publish","type":"post","link":"http:\/\/rudolf-grothues.de\/?p=1302","title":{"rendered":"50 Jahre Kita St. Nikolaus"},"content":{"rendered":"\n<p>Foto: Bernd Fernkorn: Geschenk\u00fcbergabe an die Kita-Leiterin Tina Fischer.<\/p>\n\n\n\n<hr class=\"wp-block-separator has-alpha-channel-opacity\"\/>\n\n\n\n<p>Liebe Nikolaus-Kita-Kinder, liebe Pusteblumen, G\u00e4nsebl\u00fcmchen und Kornblumen (Gruppennamen),<\/p>\n\n\n\n<p>sehr geehrte Frau Fischer, liebes Kita-Team,<\/p>\n\n\n\n<p>sehr geehrter Herr&nbsp;Pfarrer Irmgedruth&nbsp;<em>(anwesend?)<\/em>, liebe Eltern, liebe Geschwisterkinder!<\/p>\n\n\n\n<p>Verehrte Jubil\u00e4umsg\u00e4ste!<\/p>\n\n\n\n<p>Herzlichen Gl\u00fcckwunsch, Kita St. Nikolaus, f\u00fcr 50 Jahre gute und verl\u00e4ssliche Arbeit zum Wohle der Kinder! Ich bedanke mich sehr herzlich f\u00fcr die Einladung zum heutigen Geburtstagsfest. Es ist mir eine Freude, ein paar Worte an Sie und euch richten zu d\u00fcrfen.<\/p>\n\n\n\n<p>In 5 Jahrzehnten sind Generationen von Kindern in diese Einrichtung gegangen. Und ich k\u00f6nnte mir vorstellen, dass einige der Erwachsenen, die heute hier sind, als Kinder selbst schon diese Einrichtung besucht haben. Hier wird also schon lange qualitativ hochwertig gearbeitet. Die Kinder k\u00f6nnen sich hier wohl f\u00fchlen. Sie spielen, basteln, toben, malen\u2026 und, was immer wichtiger wird, sie lernen und bilden hier im sozialen Miteinander ihre Pers\u00f6nlichkeit aus. Im Vergleich zu 1974 haben sich die Aufgaben einer Kita stark ver\u00e4ndert. Sie arbeiten heute vielf\u00e4ltiger, auch hier steht Bildung heute ganz weit vorne.&nbsp;<\/p>\n\n\n\n<p>Und doch stehen gestern wie heute Ihre Sch\u00fctzlinge im Fokus. Es gilt heute wie vor 50 Jahren, ihnen Geborgenheit und Schutz und die M\u00f6glichkeit zu geben, sich im Miteinander auf vielf\u00e4ltige Art und Weise zu entfalten.&nbsp;<br>Der Beruf der Erzieherin oder des Erziehers, das m\u00f6chte ich an dieser Stelle auch einmal sagen, ist so abwechslungsreich wie anstrengend, so lustig wie anspruchsvoll, so verantwortungsvoll wie kaum ein anderer Beruf.&nbsp;Vor dieser Arbeit ziehe ich meinen Hut!&nbsp;<\/p>\n\n\n\n<p><br>Wenn man sich durch die Bilder auf ihrer Homepage klickt oder sich heute hier umsieht, dann sieht man eine tolle Einrichtung mit vielen M\u00f6glichkeiten zum Toben, Lernen, Gestaltung und man sieht gl\u00fcckliche Kinder, die konzentriert Dinge verfolgen, bauen und fertigen,&nbsp;<\/p>\n\n\n\n<p>Sp\u00e4\u00dfe treiben, miteinander essen und spielen. Man sieht, dass die Kinder hier ihr 2. Zuhause haben, sich rundum wohl-, und gesehen f\u00fchlen.&nbsp;<\/p>\n\n\n\n<p>Liebe Jubil\u00e4umsg\u00e4ste,<\/p>\n\n\n\n<p>Sie k\u00f6nnen sicher sein, dass die F\u00f6rderung der Kinder und der Kitaausbau bei der Stadt Beckum weiterhin hohe Priorit\u00e4t genie\u00dft. Heute wird das Jubil\u00e4um mit ordentlich Tamtam und Programm gefeiert.&nbsp;<\/p>\n\n\n\n<p>Liebe Kinder, nat\u00fcrlich habe ich von der Stadt Beckum auch ein Geschenk mitgebracht. In der kleinen Schatzkiste befindet sich ein Geldbetrag, den ihr sicher f\u00fcr sch\u00f6ne Dinge gebrauchen k\u00f6nnt.<\/p>\n\n\n\n<p>So, und nun w\u00fcnsche ich allen eine sch\u00f6ne Feier. Das Fest ist f\u00fcr viele sicher auch ein Wiedersehen mit der Einrichtung und mit alten Bekannten. Der Kita w\u00fcnsche ich f\u00fcr die n\u00e4chsten Jahrzehnte weiterhin so viel Erfolg und Tatkraft!<\/p>\n","protected":false},"excerpt":{"rendered":"<p>Foto: Bernd Fernkorn: Geschenk\u00fcbergabe an die Kita-Leiterin Tina Fischer. Liebe Nikolaus-Kita-Kinder, liebe Pusteblumen, G\u00e4nsebl\u00fcmchen und Kornblumen (Gruppennamen), sehr geehrte Frau Fischer, liebes Kita-Team, sehr geehrter Herr&nbsp;Pfarrer Irmgedruth&nbsp;(anwesend?), liebe Eltern, liebe Geschwisterkinder! Verehrte Jubil\u00e4umsg\u00e4ste! Herzlichen Gl\u00fcckwunsch, Kita St. Nikolaus, f\u00fcr 50 Jahre gute und verl\u00e4ssliche Arbeit zum Wohle der Kinder! Ich bedanke mich sehr herzlich f\u00fcr [&hellip;]<\/p>\n","protected":false},"author":1,"featured_media":1304,"comment_status":"open","ping_status":"open","sticky":false,"template":"","format":"standard","meta":{"footnotes":""},"categories":[15],"tags":[],"class_list":["post-1302","post","type-post","status-publish","format-standard","has-post-thumbnail","hentry","category-soziales"],"_links":{"self":[{"href":"http:\/\/rudolf-grothues.de\/index.php?rest_route=\/wp\/v2\/posts\/1302","targetHints":{"allow":["GET"]}}],"collection":[{"href":"http:\/\/rudolf-grothues.de\/index.php?rest_route=\/wp\/v2\/posts"}],"about":[{"href":"http:\/\/rudolf-grothues.de\/index.php?rest_route=\/wp\/v2\/types\/post"}],"author":[{"embeddable":true,"href":"http:\/\/rudolf-grothues.de\/index.php?rest_route=\/wp\/v2\/users\/1"}],"replies":[{"embeddable":true,"href":"http:\/\/rudolf-grothues.de\/index.php?rest_route=%2Fwp%2Fv2%2Fcomments&post=1302"}],"version-history":[{"count":3,"href":"http:\/\/rudolf-grothues.de\/index.php?rest_route=\/wp\/v2\/posts\/1302\/revisions"}],"predecessor-version":[{"id":1308,"href":"http:\/\/rudolf-grothues.de\/index.php?rest_route=\/wp\/v2\/posts\/1302\/revisions\/1308"}],"wp:featuredmedia":[{"embeddable":true,"href":"http:\/\/rudolf-grothues.de\/index.php?rest_route=\/wp\/v2\/media\/1304"}],"wp:attachment":[{"href":"http:\/\/rudolf-grothues.de\/index.php?rest_route=%2Fwp%2Fv2%2Fmedia&parent=1302"}],"wp:term":[{"taxonomy":"category","embeddable":true,"href":"http:\/\/rudolf-grothues.de\/index.php?rest_route=%2Fwp%2Fv2%2Fcategories&post=1302"},{"taxonomy":"post_tag","embeddable":true,"href":"http:\/\/rudolf-grothues.de\/index.php?rest_route=%2Fwp%2Fv2%2Ftags&post=1302"}],"curies":[{"name":"wp","href":"https:\/\/api.w.org\/{rel}","templated":true}]}}