{"id":1294,"date":"2024-03-08T19:05:00","date_gmt":"2024-03-08T19:05:00","guid":{"rendered":"http:\/\/rudolf-grothues.de\/?p=1294"},"modified":"2024-03-08T09:51:09","modified_gmt":"2024-03-08T09:51:09","slug":"hegeringversammlung-beckum","status":"publish","type":"post","link":"http:\/\/rudolf-grothues.de\/?p=1294","title":{"rendered":"Hegeringversammlung Beckum"},"content":{"rendered":"\n<p>Sehr geehrter Herr Kr\u00f6ger, liebe Mitglieder im Hegering Beckum,\u00a0liebe J\u00e4gerinnen und J\u00e4ger,<\/p>\n\n\n\n<p>ich begr\u00fc\u00dfe Sie auf Ihrer diesj\u00e4hrigen Hegeringversammlung sehr herzlich im Namen der Stadt Beckum und bedanke mich f\u00fcr Ihre Einladung.&nbsp;<\/p>\n\n\n\n<p>Ich mache diese Aufgabe nun schon seit rd. 14 Jahren und bin tats\u00e4chlich das erste mal hier. Bisher klappte das nie bzw. ist der hauptamtliche B\u00fcrgermeister vorbeigekommen. Heute ist aber Generalversammlung der Feuerwehr, das geht nat\u00fcrlich vor.<\/p>\n\n\n\n<p>Aber es ist gut, dass immer jemand hier vertreten war und ist, denn nur so k\u00f6nnen Stadtverwaltung und der Rat wissen, wo bei Ihnen der Schuh dr\u00fcckt, welche Themen Sie besch\u00e4ftigen.<br>Von A wie Afrikanische Schweinepest bis W wie Wolfsausbreitung: Ihre Themen sind so vielf\u00e4ltig wie komplex. Da ist es kein Wunder, dass die Jagdausbildung als besonders anspruchsvoll gilt und sicherlich immer komplizierter wird.\u00a0<\/p>\n\n\n\n<p>Sie sind Experten f\u00fcr die heimische Flora und Fauna und sehen oft als erste, wenn es Probleme gibt. Sie befassen sich mit den heimischen Arten, mit unserem Wald, unserer Tierwelt und leisten einen wichtigen Beitrag zum Naturschutz.&nbsp;<\/p>\n\n\n\n<p>Heute blicken sie auf die Aktivit\u00e4ten im letzten Jahr zur\u00fcck und schmieden Pl\u00e4ne f\u00fcr das kommende Jahr. Auch sind auf Ihrer Geh\u00f6rnschau eindrucksvoll Ihre Jagdtroph\u00e4en zu bewundern.<\/p>\n\n\n\n<p>Ich w\u00fcnsche Ihnen f\u00fcr heute eine sch\u00f6ne Versammlung, einen ergiebigen Austausch und w\u00fcnsche dem Hegering Beckum weiterhin viel Erfolg!<\/p>\n\n\n\n<p>Waidmannsheil!<\/p>\n","protected":false},"excerpt":{"rendered":"<p>Sehr geehrter Herr Kr\u00f6ger, liebe Mitglieder im Hegering Beckum,\u00a0liebe J\u00e4gerinnen und J\u00e4ger, ich begr\u00fc\u00dfe Sie auf Ihrer diesj\u00e4hrigen Hegeringversammlung sehr herzlich im Namen der Stadt Beckum und bedanke mich f\u00fcr Ihre Einladung.&nbsp; Ich mache diese Aufgabe nun schon seit rd. 14 Jahren und bin tats\u00e4chlich das erste mal hier. Bisher klappte das nie bzw. ist [&hellip;]<\/p>\n","protected":false},"author":1,"featured_media":1295,"comment_status":"open","ping_status":"open","sticky":false,"template":"","format":"standard","meta":{"footnotes":""},"categories":[1],"tags":[],"class_list":["post-1294","post","type-post","status-publish","format-standard","has-post-thumbnail","hentry","category-ohne"],"_links":{"self":[{"href":"http:\/\/rudolf-grothues.de\/index.php?rest_route=\/wp\/v2\/posts\/1294","targetHints":{"allow":["GET"]}}],"collection":[{"href":"http:\/\/rudolf-grothues.de\/index.php?rest_route=\/wp\/v2\/posts"}],"about":[{"href":"http:\/\/rudolf-grothues.de\/index.php?rest_route=\/wp\/v2\/types\/post"}],"author":[{"embeddable":true,"href":"http:\/\/rudolf-grothues.de\/index.php?rest_route=\/wp\/v2\/users\/1"}],"replies":[{"embeddable":true,"href":"http:\/\/rudolf-grothues.de\/index.php?rest_route=%2Fwp%2Fv2%2Fcomments&post=1294"}],"version-history":[{"count":1,"href":"http:\/\/rudolf-grothues.de\/index.php?rest_route=\/wp\/v2\/posts\/1294\/revisions"}],"predecessor-version":[{"id":1296,"href":"http:\/\/rudolf-grothues.de\/index.php?rest_route=\/wp\/v2\/posts\/1294\/revisions\/1296"}],"wp:featuredmedia":[{"embeddable":true,"href":"http:\/\/rudolf-grothues.de\/index.php?rest_route=\/wp\/v2\/media\/1295"}],"wp:attachment":[{"href":"http:\/\/rudolf-grothues.de\/index.php?rest_route=%2Fwp%2Fv2%2Fmedia&parent=1294"}],"wp:term":[{"taxonomy":"category","embeddable":true,"href":"http:\/\/rudolf-grothues.de\/index.php?rest_route=%2Fwp%2Fv2%2Fcategories&post=1294"},{"taxonomy":"post_tag","embeddable":true,"href":"http:\/\/rudolf-grothues.de\/index.php?rest_route=%2Fwp%2Fv2%2Ftags&post=1294"}],"curies":[{"name":"wp","href":"https:\/\/api.w.org\/{rel}","templated":true}]}}