{"id":1260,"date":"2024-02-19T12:24:56","date_gmt":"2024-02-19T12:24:56","guid":{"rendered":"http:\/\/rudolf-grothues.de\/?p=1260"},"modified":"2024-02-21T19:29:52","modified_gmt":"2024-02-21T19:29:52","slug":"anti-afd-demo-in-muenster","status":"publish","type":"post","link":"http:\/\/rudolf-grothues.de\/?p=1260","title":{"rendered":"Anti-AfD-Demo in M\u00fcnster"},"content":{"rendered":"\n<p>Text: <strong>Nicole Fenneker<\/strong>, Die Glocke, 16.02.24:<\/p>\n\n\n\n<p><strong>\u201eGemeinsam f\u00fcr demokratische Werte\u201c<\/strong><\/p>\n\n\n\n<p>Auf Prinzipalmarkt und Domplatz versammelten sich nach Angaben der Polizei insgesamt rund 30.000 Menschen. Unter den Protestierenden befanden sich zahlreiche B\u00fcrgermeister aus dem M\u00fcnsterland. In einer vorab ver\u00f6ffentlichten Erkl\u00e4rung stellten sie klar, dass sie \u201egemeinsam f\u00fcr demokratische Werte wie Vielfalt, Toleranz und ein wertsch\u00e4tzendes Miteinander in unseren St\u00e4dten und Gemeinden\u201c einst\u00fcnden. \u201eIch mache hier mit, weil es gilt, Farbe zu bekennen f\u00fcr die Demokratie, unseren Rechtsstaat und gegen Rechtsextremismus\u201c, sagte Ennigerlohs B\u00fcrgermeister Berthold L\u00fclf (SPD).&nbsp;<\/p>\n\n\n\n<p>Seine Oelder Kollegin Karin Rodeheger (parteilos) verdeutlichte: \u201eIch finde es ganz wichtig, dass wir gemeinsam f\u00fcr das einstehen, was dieses Land ausmacht: die Verfassung, das Grundgesetz, die Werte, die darin verankert sind, also Menschlichkeit, Freiheit, Gleichheit.\u201c<\/p>\n\n\n\n<p><strong>B\u00fcrgermeister zeigen Flaggen&nbsp;<\/strong><\/p>\n\n\n\n<p>Sassenbergs Stadtoberhaupt Josef Uphoff (CDU) wertete den Zuspruch seiner Amtskollegen als tolles Zeichen. \u201eWir m\u00fcssen Flagge zeigen, wenn unser Rechtsstaat in Gefahr ist. Und ich glaube, da sind wir B\u00fcrgermeisterinnen und B\u00fcrgermeister gut beraten, dabei zu sein\u201c, sagte er und verlieh seiner \u00dcberzeugung Ausdruck, dass die Gesellschaft insgesamt gefordert sei, sich zu Wort zu melden und nicht zu schweigen. \u201eDie Demokratie ist die beste Staatsform \u2013 da lohnt es sich, zu k\u00e4mpfen.\u201c<\/p>\n\n\n\n<div class=\"wp-block-group\"><div class=\"wp-block-group__inner-container is-layout-constrained wp-block-group-is-layout-constrained\">\n<p><a href=\"https:\/\/www.ardmediathek.de\/embed\/Y3JpZDovL3RhZ2Vzc2NoYXUuZGUvNjExYmRkYWQtMDExOC00ZGI5LTlkNzgtYjc5ZGIzOTNjOTJmLVNFTkRVTkdTVklERU8?startTime=698.76&amp;endTime=790.77\"><strong>Hier der Bericht in der abendlichen Tagesschau vom 16.02.2024<\/strong>.<\/a><\/p>\n<\/div><\/div>\n\n\n\n<p>Auf dem Prinzipalmarkt, in Sicht- und H\u00f6rweite zum Ort des AfD-Empfangs, war eine B\u00fchne aufgebaut, auf der diverse Redner den Kampf f\u00fcr die freiheitliche Demokratie mit Worten f\u00fchrten. Garniert wurden die Beitr\u00e4ge durch ein musikalisch-kulturelles Rahmenprogramm. Der Auftritt der Donots erzeugte die gew\u00fcnschte Wirkung. Die aus Ibbenb\u00fcren stammende Punkrockband mit enger Verbundenheit zu M\u00fcnster und mit vernehmbarer Stimme gegen Rechtsextremismus und Rassismus, lie\u00df ihrem Versprechen, dass es laut werde, Taten folgen.<\/p>\n\n\n\n<p><strong>Bild: <\/strong>Die B\u00fcrgermeister aus dem Kreis Warendorf schlossen sich einer gemeinsamen Erkl\u00e4rung von 35 Stadt- und Gemeindeoberh\u00e4uptern aus dem M\u00fcnsterland an und zeigten am Domplatz in M\u00fcnster Flagge gegen Rechtsextremismus und f\u00fcr die Demokratie. Das Foto zeigt (v. l.) Josef Uphoff (Sassenberg), Dr. Rudolf Grothues (Stellvertretender B\u00fcrgermeister Beckum), Peter Horstmann (Warendorf), Karin Rodeheger (Oelde), Alexander Berger (Ahlen), Bernhard Daldrup (SPD-Bundestagsabgeordneter), Karl Piochowiak (Ostbevern), Wolfgang Pieper (Telgte), Katrin Reuscher (Sendenhorst), Sebastian Seidel (Everswinkel), Carsten Grawunder (Drensteinfurt), Berthold L\u00fclf (Ennigerloh), Karl Reinke (Altenberge) und Josefine Paul (NRW-Familienministerin).<\/p>\n","protected":false},"excerpt":{"rendered":"<p>Text: Nicole Fenneker, Die Glocke, 16.02.24: \u201eGemeinsam f\u00fcr demokratische Werte\u201c Auf Prinzipalmarkt und Domplatz versammelten sich nach Angaben der Polizei insgesamt rund 30.000 Menschen. Unter den Protestierenden befanden sich zahlreiche B\u00fcrgermeister aus dem M\u00fcnsterland. In einer vorab ver\u00f6ffentlichten Erkl\u00e4rung stellten sie klar, dass sie \u201egemeinsam f\u00fcr demokratische Werte wie Vielfalt, Toleranz und ein wertsch\u00e4tzendes Miteinander [&hellip;]<\/p>\n","protected":false},"author":1,"featured_media":1261,"comment_status":"open","ping_status":"open","sticky":false,"template":"","format":"standard","meta":{"footnotes":""},"categories":[10],"tags":[],"class_list":["post-1260","post","type-post","status-publish","format-standard","has-post-thumbnail","hentry","category-stellv-buergermeister"],"_links":{"self":[{"href":"http:\/\/rudolf-grothues.de\/index.php?rest_route=\/wp\/v2\/posts\/1260","targetHints":{"allow":["GET"]}}],"collection":[{"href":"http:\/\/rudolf-grothues.de\/index.php?rest_route=\/wp\/v2\/posts"}],"about":[{"href":"http:\/\/rudolf-grothues.de\/index.php?rest_route=\/wp\/v2\/types\/post"}],"author":[{"embeddable":true,"href":"http:\/\/rudolf-grothues.de\/index.php?rest_route=\/wp\/v2\/users\/1"}],"replies":[{"embeddable":true,"href":"http:\/\/rudolf-grothues.de\/index.php?rest_route=%2Fwp%2Fv2%2Fcomments&post=1260"}],"version-history":[{"count":8,"href":"http:\/\/rudolf-grothues.de\/index.php?rest_route=\/wp\/v2\/posts\/1260\/revisions"}],"predecessor-version":[{"id":1280,"href":"http:\/\/rudolf-grothues.de\/index.php?rest_route=\/wp\/v2\/posts\/1260\/revisions\/1280"}],"wp:featuredmedia":[{"embeddable":true,"href":"http:\/\/rudolf-grothues.de\/index.php?rest_route=\/wp\/v2\/media\/1261"}],"wp:attachment":[{"href":"http:\/\/rudolf-grothues.de\/index.php?rest_route=%2Fwp%2Fv2%2Fmedia&parent=1260"}],"wp:term":[{"taxonomy":"category","embeddable":true,"href":"http:\/\/rudolf-grothues.de\/index.php?rest_route=%2Fwp%2Fv2%2Fcategories&post=1260"},{"taxonomy":"post_tag","embeddable":true,"href":"http:\/\/rudolf-grothues.de\/index.php?rest_route=%2Fwp%2Fv2%2Ftags&post=1260"}],"curies":[{"name":"wp","href":"https:\/\/api.w.org\/{rel}","templated":true}]}}