{"id":1240,"date":"2023-07-04T09:25:10","date_gmt":"2023-07-04T09:25:10","guid":{"rendered":"http:\/\/rudolf-grothues.de\/?p=1240"},"modified":"2025-06-11T09:56:30","modified_gmt":"2025-06-11T09:56:30","slug":"siegerehrung-der-beckumer-sportschuetzen","status":"publish","type":"post","link":"http:\/\/rudolf-grothues.de\/?p=1240","title":{"rendered":"Siegerehrung der Beckumer Sportsch\u00fctzen"},"content":{"rendered":"\n<p>Pokale und Urkunden wurden \u00fcberreicht.<br>Am Freitag, den 30. Juni 2023 fand die Siegerehrung vom Pokalschie\u00dfen der Sportsch\u00fctzen &#8211; Beckum 1957 e.V. im Stand am Beckumer Jahnstadion statt. Der erste Vorsitzende Ludwig Tovar begr\u00fc\u00dfte neben den anwesenden Sportsch\u00fctzen aus den Vereinen besonders den stellvertretenden Landrat Winfried Kaup als Vertreter des Kreises Warendorf sowie Dr. Rudolf Grothues von der Stadt Beckum als G\u00e4ste bei dieser Veranstaltung. Herr Kaup bemerkte bei seiner Begr\u00fc\u00dfungsrede an die Versammlung die Bedeutung der Vereine gerade nach der Pandemie &#8211; Auszeit im Hinblick auf das Vereinsleben und das Zusammenkommen der Mitglieder zu Trainingsabende und Wettk\u00e4mpfen auf Kreis und Bezirksebene. <\/p>\n\n\n\n<figure class=\"wp-block-image size-large\"><img loading=\"lazy\" decoding=\"async\" width=\"1024\" height=\"815\" src=\"http:\/\/rudolf-grothues.de\/wp-content\/uploads\/2023\/07\/picture-2600-2-1024x815.jpg\" alt=\"\" class=\"wp-image-1242\" srcset=\"http:\/\/rudolf-grothues.de\/wp-content\/uploads\/2023\/07\/picture-2600-2-1024x815.jpg 1024w, http:\/\/rudolf-grothues.de\/wp-content\/uploads\/2023\/07\/picture-2600-2-300x239.jpg 300w, http:\/\/rudolf-grothues.de\/wp-content\/uploads\/2023\/07\/picture-2600-2-768x611.jpg 768w, http:\/\/rudolf-grothues.de\/wp-content\/uploads\/2023\/07\/picture-2600-2-1536x1222.jpg 1536w, http:\/\/rudolf-grothues.de\/wp-content\/uploads\/2023\/07\/picture-2600-2-2048x1630.jpg 2048w\" sizes=\"auto, (max-width: 1024px) 100vw, 1024px\" \/><\/figure>\n\n\n\n<p>Neben den Pokalen, wie immer gestiftet von der Sparkasse Beckum &#8211; Wadersloh wurden auch Urkunden f\u00fcr die Platztierten vom Sportwart Hubert Glinka und dem zweiten Vorsitzenden Martin Dallek \u00fcberreicht. Auch Dr. Grothues lie\u00df es sich nicht nehmen, alle Teilnehmer recht herzlich zu ihren Erfolgen zu gratulieren. Herr Grothues erinnerte noch in diesem Zusammenhang noch an die kommenden Aktivit\u00e4ten im Hinblick auf die 800 Jahrfeier 2024, wo sich auch die Sch\u00fctzenvereine und Sportsch\u00fctzen &#8211; Vereine besonders ins Zeug legen k\u00f6nnten, und somit zum Gelingen dieses Jubil\u00e4ums -Jahres beitragen sollten.<\/p>\n\n\n\n<p>(Text und Fotos: Ludwig Tovar &#8211; www.teufelshauptmann.de)<\/p>\n","protected":false},"excerpt":{"rendered":"<p>Pokale und Urkunden wurden \u00fcberreicht.Am Freitag, den 30. Juni 2023 fand die Siegerehrung vom Pokalschie\u00dfen der Sportsch\u00fctzen &#8211; Beckum 1957 e.V. im Stand am Beckumer Jahnstadion statt. Der erste Vorsitzende Ludwig Tovar begr\u00fc\u00dfte neben den anwesenden Sportsch\u00fctzen aus den Vereinen besonders den stellvertretenden Landrat Winfried Kaup als Vertreter des Kreises Warendorf sowie Dr. Rudolf Grothues [&hellip;]<\/p>\n","protected":false},"author":1,"featured_media":1243,"comment_status":"open","ping_status":"open","sticky":false,"template":"","format":"standard","meta":{"footnotes":""},"categories":[4,10],"tags":[],"class_list":["post-1240","post","type-post","status-publish","format-standard","has-post-thumbnail","hentry","category-sport","category-stellv-buergermeister"],"_links":{"self":[{"href":"http:\/\/rudolf-grothues.de\/index.php?rest_route=\/wp\/v2\/posts\/1240","targetHints":{"allow":["GET"]}}],"collection":[{"href":"http:\/\/rudolf-grothues.de\/index.php?rest_route=\/wp\/v2\/posts"}],"about":[{"href":"http:\/\/rudolf-grothues.de\/index.php?rest_route=\/wp\/v2\/types\/post"}],"author":[{"embeddable":true,"href":"http:\/\/rudolf-grothues.de\/index.php?rest_route=\/wp\/v2\/users\/1"}],"replies":[{"embeddable":true,"href":"http:\/\/rudolf-grothues.de\/index.php?rest_route=%2Fwp%2Fv2%2Fcomments&post=1240"}],"version-history":[{"count":2,"href":"http:\/\/rudolf-grothues.de\/index.php?rest_route=\/wp\/v2\/posts\/1240\/revisions"}],"predecessor-version":[{"id":1245,"href":"http:\/\/rudolf-grothues.de\/index.php?rest_route=\/wp\/v2\/posts\/1240\/revisions\/1245"}],"wp:featuredmedia":[{"embeddable":true,"href":"http:\/\/rudolf-grothues.de\/index.php?rest_route=\/wp\/v2\/media\/1243"}],"wp:attachment":[{"href":"http:\/\/rudolf-grothues.de\/index.php?rest_route=%2Fwp%2Fv2%2Fmedia&parent=1240"}],"wp:term":[{"taxonomy":"category","embeddable":true,"href":"http:\/\/rudolf-grothues.de\/index.php?rest_route=%2Fwp%2Fv2%2Fcategories&post=1240"},{"taxonomy":"post_tag","embeddable":true,"href":"http:\/\/rudolf-grothues.de\/index.php?rest_route=%2Fwp%2Fv2%2Ftags&post=1240"}],"curies":[{"name":"wp","href":"https:\/\/api.w.org\/{rel}","templated":true}]}}