{"id":119,"date":"2016-11-12T11:23:15","date_gmt":"2016-11-12T11:23:15","guid":{"rendered":"http:\/\/rudi.puettstadt.de\/?p=119"},"modified":"2018-06-21T09:24:10","modified_gmt":"2018-06-21T09:24:10","slug":"vogelausstellung-farbenpracht-eroeffnet","status":"publish","type":"post","link":"http:\/\/rudolf-grothues.de\/?p=119","title":{"rendered":"Vogelausstellung &#8222;Farbenpracht&#8220; er\u00f6ffnet"},"content":{"rendered":"<div class=\"articleText1\">\n<div>\n<p><img loading=\"lazy\" decoding=\"async\" class=\"alignnone size-full wp-image-120\" src=\"http:\/\/rudi.puettstadt.de\/wp-content\/uploads\/2018\/06\/image-20.png\" alt=\"\" width=\"524\" height=\"392\" srcset=\"http:\/\/rudolf-grothues.de\/wp-content\/uploads\/2018\/06\/image-20.png 524w, http:\/\/rudolf-grothues.de\/wp-content\/uploads\/2018\/06\/image-20-350x262.png 350w, http:\/\/rudolf-grothues.de\/wp-content\/uploads\/2018\/06\/image-20-300x224.png 300w\" sizes=\"auto, (max-width: 524px) 100vw, 524px\" \/>Liebe Mitglieder des Vereins Farbenpracht Beckum,\u00a0meine sehr geehrten Damen und Herren,\u00a0liebe Kinder,<\/p>\n<p>ich bedanke mich zun\u00e4chst einmal ganz herzlich f\u00fcr die Einladung und freue mich, dass ich die Ausstellung heute offiziell er\u00f6ffnen darf! Ich gr\u00fc\u00dfe die Besucherinnen und Besucher, die Aussteller, Z\u00fcchter und Preisrichter ganz herzlich im Namen der Stadt Beckum!<\/p>\n<p>Der Verein macht seinem Namen wieder alle Ehre: Wohin man hier schaut, sieht man pr\u00e4chtige Farben, gl\u00e4nzendes Gefieder und f\u00fcr Laien wie mich wirklich spannende Studienexemplare. Mehrere hundert gefiederte Exponate, die nicht nur dem Auge etwas bieten, sondern uns auch kr\u00e4ftig was zwitschern.<\/p>\n<p>Fachpublikum und Laien kommen hier gleicherma\u00dfen auf ihre Kosten. Und f\u00fcr die Z\u00fcchterinnen und Z\u00fcchter, denen ganz offensichtlich wieder erstaunliche Zuchterfolge gelungen sind, geht es darum, unter den kritischen Blicken der Preisrichter zu bestehen, dabei geht es um Form, Farbe und Gesamteindruck. Herzlichen Gl\u00fcckwunsch allen Preistr\u00e4gern!<\/p>\n<\/div>\n<\/div>\n<p><!--more--><\/p>\n<div class=\"articleText2\">\n<div>So schillernd Ihre V\u00f6gel, so sehr gl\u00e4nzen Sie auch mit Erfolgen. Der Verein kann auf zahlreiche deutsche Meistertitel, sowie auf Europameister- und sogar Weltmeistertitel verweisen. Glanz und Gloria, machen Sie bitte weiter so.\u00a0Aber da sind nicht nur die Exoten, auch heimische V\u00f6gel wie Stieglitz oder Zeisig sind hier zu sehen. Seit Jahren engagiert sich der gastgebende Verein \u201eFarbenpracht\u201c f\u00fcr den Artenschutz unserer heimischen V\u00f6gel. Vielen Dank daf\u00fcr!<\/div>\n<div>\n<div>\n<p>Ich freue mich, wenn unser aller Blick sich wieder vermehrt den Sch\u00f6nheiten der Natur zuwendet. Ich will noch Werbung machen f\u00fcr die Ausstellung \u201eWunder der Natur\u201c im Gasometer Oberhausen, die nicht umsonst bis weit ins n\u00e4chste Jahr verl\u00e4ngert. Sie zeigt neben einer imposanten Erdkugel gestochen scharfe Naturaufnahmen und lenkt den Blick gezielt auf jedes Detail der Sch\u00f6pfung. So wie Z\u00fcchter und Preisrichter auf jedes Detail bei ihren gefiederten Sch\u00fctzlingen achten.<\/p>\n<\/div>\n<p>Die allj\u00e4hrliche Ausstellung ist aus dem Beckumer Veranstaltungskalender nicht wegzudenken. Die Aula der Antoniusschule ist daf\u00fcr herbstlich stimmungsvoll geschm\u00fcckt. So kann man gem\u00fctlich bei Kaffee und Kuchen auf den Hauptgewinn bei der Verlosung hoffen und \u00fcberlegen, welches Exemplar von der Vogelb\u00f6rse man mit nach Hause nimmt.<\/p>\n<p>Ich w\u00fcnsche Ihnen allen an diesem Wochenende eine gelungene Vogelschau, eine gro\u00dfe Besucherschar und den Z\u00fcchterinnen und Z\u00fcchtern auch weiterhin so viel Erfolg!<\/p>\n<\/div>\n<\/div>\n","protected":false},"excerpt":{"rendered":"<p>Liebe Mitglieder des Vereins Farbenpracht Beckum,\u00a0meine sehr geehrten Damen und Herren,\u00a0liebe Kinder, ich bedanke mich zun\u00e4chst einmal ganz herzlich f\u00fcr die Einladung und freue mich, dass ich die Ausstellung heute offiziell er\u00f6ffnen darf! Ich gr\u00fc\u00dfe die Besucherinnen und Besucher, die Aussteller, Z\u00fcchter und Preisrichter ganz herzlich im Namen der Stadt Beckum! Der Verein macht seinem [&hellip;]<\/p>\n","protected":false},"author":1,"featured_media":0,"comment_status":"open","ping_status":"open","sticky":false,"template":"","format":"standard","meta":{"footnotes":""},"categories":[6],"tags":[],"class_list":["post-119","post","type-post","status-publish","format-standard","hentry","category-vereine"],"_links":{"self":[{"href":"http:\/\/rudolf-grothues.de\/index.php?rest_route=\/wp\/v2\/posts\/119","targetHints":{"allow":["GET"]}}],"collection":[{"href":"http:\/\/rudolf-grothues.de\/index.php?rest_route=\/wp\/v2\/posts"}],"about":[{"href":"http:\/\/rudolf-grothues.de\/index.php?rest_route=\/wp\/v2\/types\/post"}],"author":[{"embeddable":true,"href":"http:\/\/rudolf-grothues.de\/index.php?rest_route=\/wp\/v2\/users\/1"}],"replies":[{"embeddable":true,"href":"http:\/\/rudolf-grothues.de\/index.php?rest_route=%2Fwp%2Fv2%2Fcomments&post=119"}],"version-history":[{"count":1,"href":"http:\/\/rudolf-grothues.de\/index.php?rest_route=\/wp\/v2\/posts\/119\/revisions"}],"predecessor-version":[{"id":121,"href":"http:\/\/rudolf-grothues.de\/index.php?rest_route=\/wp\/v2\/posts\/119\/revisions\/121"}],"wp:attachment":[{"href":"http:\/\/rudolf-grothues.de\/index.php?rest_route=%2Fwp%2Fv2%2Fmedia&parent=119"}],"wp:term":[{"taxonomy":"category","embeddable":true,"href":"http:\/\/rudolf-grothues.de\/index.php?rest_route=%2Fwp%2Fv2%2Fcategories&post=119"},{"taxonomy":"post_tag","embeddable":true,"href":"http:\/\/rudolf-grothues.de\/index.php?rest_route=%2Fwp%2Fv2%2Ftags&post=119"}],"curies":[{"name":"wp","href":"https:\/\/api.w.org\/{rel}","templated":true}]}}