{"id":1156,"date":"2022-04-29T13:02:03","date_gmt":"2022-04-29T13:02:03","guid":{"rendered":"http:\/\/rudolf-grothues.de\/?p=1156"},"modified":"2025-06-11T09:03:10","modified_gmt":"2025-06-11T09:03:10","slug":"wow-stadtteilwohnzimmer-neubeckum-eroeffnet","status":"publish","type":"post","link":"http:\/\/rudolf-grothues.de\/?p=1156","title":{"rendered":"WOW!\u00a0Stadtteilwohnzimmer Neubeckum er\u00f6ffnet!"},"content":{"rendered":"\n<p>WOW!&nbsp;<\/p>\n\n\n\n<p>Damit ist eigentlich alles gesagt! Ihrer Bitte anl\u00e4sslich der Er\u00f6ffnung des Stadtteilwohnzimmers ein paar Dinge zu sagen, will ich dennoch nat\u00fcrlich sehr gerne Folge leisten.<\/p>\n\n\n\n<p>Liebe Verve-Mitglieder, verehrte G\u00e4ste!<\/p>\n\n\n\n<p>Zun\u00e4chst begr\u00fc\u00dfe ich Sie im Namen der Stadt Beckum ganz herzlich und bedanke mich f\u00fcr die Einladung des Vereins Verve! Gemeinschaft, Kultur &amp; Schwung f\u00fcr Neubeckum!<\/p>\n\n\n\n<p>Schwung hat Verve von Anfang nach Neubeckum gebracht. Mit Elan sowie tollen Ideen und Projekten hat sich der Verein schon jetzt einen Namen gemacht und sehr bereichernde Dinge angesto\u00dfen. Heute wird nun das Herzst\u00fcck, das Stadtteilwohnzimmer, feierlich er\u00f6ffnet.&nbsp;<\/p>\n\n\n\n<figure class=\"wp-block-image size-large\"><img loading=\"lazy\" decoding=\"async\" width=\"768\" height=\"1024\" src=\"http:\/\/rudolf-grothues.de\/wp-content\/uploads\/2022\/04\/verve-3-768x1024.jpeg\" alt=\"\" class=\"wp-image-1166\" srcset=\"http:\/\/rudolf-grothues.de\/wp-content\/uploads\/2022\/04\/verve-3-768x1024.jpeg 768w, http:\/\/rudolf-grothues.de\/wp-content\/uploads\/2022\/04\/verve-3-225x300.jpeg 225w, http:\/\/rudolf-grothues.de\/wp-content\/uploads\/2022\/04\/verve-3.jpeg 960w\" sizes=\"auto, (max-width: 768px) 100vw, 768px\" \/><\/figure>\n\n\n\n<p>Dieses ausgesprochen einladende, gem\u00fctliche Zimmer im Herzen Neubeckums ist ein Schmuckst\u00fcck f\u00fcr Neubeckum. Es ist aber eher das Gegenst\u00fcck zur guten alten Guten Stube, die zwar immer herausgeputzt, aber f\u00fcr das Alltagsleben der Familien verschlossen und nur sonntags besonderen G\u00e4sten vorbehalten war.&nbsp;<\/p>\n\n\n\n<p>In einem Wohnzimmer aber kann man es sich nach Herzenslust bequem machen. In anderen Sprachen, etwa dem Franz\u00f6sischen oder Englischen, wird Wohnzimmer ja auch mit Salon, Aufenthaltsraum oder Lebensraum bezeichnet. Im Spanischen ist es gar der Raum, an dem man eben ist, wo man verweilt.&nbsp;<\/p>\n\n\n\n<figure class=\"wp-block-image size-large\"><img loading=\"lazy\" decoding=\"async\" width=\"1024\" height=\"768\" src=\"http:\/\/rudolf-grothues.de\/wp-content\/uploads\/2022\/04\/verve-2-1-1024x768.jpeg\" alt=\"\" class=\"wp-image-1164\" srcset=\"http:\/\/rudolf-grothues.de\/wp-content\/uploads\/2022\/04\/verve-2-1-1024x768.jpeg 1024w, http:\/\/rudolf-grothues.de\/wp-content\/uploads\/2022\/04\/verve-2-1-300x225.jpeg 300w, http:\/\/rudolf-grothues.de\/wp-content\/uploads\/2022\/04\/verve-2-1-768x576.jpeg 768w, http:\/\/rudolf-grothues.de\/wp-content\/uploads\/2022\/04\/verve-2-1.jpeg 1280w\" sizes=\"auto, (max-width: 1024px) 100vw, 1024px\" \/><\/figure>\n\n\n\n<p>Diese Bezeichnungen machen noch deutlicher, worum es hier geht: Das Stadtteilwohnzimmer soll von den Bewohnerinnen und Bewohnern mit Leben gef\u00fcllt werden, es dient dem Austausch, dem Aufenthalt, der Begegnung auf Augenh\u00f6he, der Geselligkeit, dem zwanglosen Miteinander. Und damit hat Verve ja vollkommen zu Recht bei der Dritte Orte-F\u00f6rderung gepunktet und die Vorgaben auf vorbildliche Weise erf\u00fcllt.&nbsp;<\/p>\n\n\n\n<p>So offen und einladend der Raum, so arbeitet der Verein. Verve ist auf den Austausch mit anderen Einrichtungen und Vereinen, mit den Bewohnerinnen und Bewohnern aus. Gemeinsam den Ort voranbringen und Gemeinschaft leben \u2013 das ist Ihr Antrieb, das ist Ihre Devise!<\/p>\n\n\n\n<!--more-->\n\n\n\n<p>Mit diesen sch\u00f6nen neuen R\u00e4umlichkeiten gibt es einen Anlaufpunkt, einen Begegnungsort, der genau das erm\u00f6glicht und noch ungeahnte M\u00f6glichkeiten schafft. Neubeckum ist damit schon jetzt um einiges reicher. Heute soll es auch darum gehen, Ideen zu sammeln, was Neubeckum mit diesem Raum anf\u00e4ngt.&nbsp;<\/p>\n\n\n\n<p>Ich w\u00fcnsche Verve und uns allen, dass viele davon Gebrauch machen und ihre Vorstellung beisteuern. Ob Salongespr\u00e4che, Gesellschaftsspiel, nettes Plaudern beim Tee, Kleinkunst oder Impressionen der letzten Urlaubsreise \u2013 vieles ist denkbar, wenn viele sich einbringen!<\/p>\n\n\n\n<figure class=\"wp-block-image size-large\"><img loading=\"lazy\" decoding=\"async\" width=\"1024\" height=\"768\" src=\"http:\/\/rudolf-grothues.de\/wp-content\/uploads\/2022\/04\/verve-2-1024x768.jpeg\" alt=\"\" class=\"wp-image-1165\" srcset=\"http:\/\/rudolf-grothues.de\/wp-content\/uploads\/2022\/04\/verve-2-1024x768.jpeg 1024w, http:\/\/rudolf-grothues.de\/wp-content\/uploads\/2022\/04\/verve-2-300x225.jpeg 300w, http:\/\/rudolf-grothues.de\/wp-content\/uploads\/2022\/04\/verve-2-768x576.jpeg 768w, http:\/\/rudolf-grothues.de\/wp-content\/uploads\/2022\/04\/verve-2.jpeg 1280w\" sizes=\"auto, (max-width: 1024px) 100vw, 1024px\" \/><\/figure>\n\n\n\n<p>Das Stadtteilwohnzimmer ist ganz frisch, es lebt von frischen Ideen. Ich w\u00fcnsche dem Stadtteilwohnzimmer, auch wenn die M\u00f6bel in die Jahre kommen werden, dass diese eine Geschichte erz\u00e4hlen, eine unendliche und vor allem eine mit Happy End.<\/p>\n\n\n\n<p>Dem Verein mit den beiden Vorsitzenden Amanda Bailey und David H\u00f6nig danke ich ganz herzlich f\u00fcr die bisher geleistete eindrucksvolle Arbeit, die wirklich erfrischend und schwungvoll ist. Ich wiederhole mein \u201eWOW\u201c vom Anfang! Bitte macht so weiter!<\/p>\n\n\n\n<figure class=\"wp-block-image size-large\"><img loading=\"lazy\" decoding=\"async\" width=\"1024\" height=\"768\" src=\"http:\/\/rudolf-grothues.de\/wp-content\/uploads\/2022\/04\/verve-1-2-1024x768.jpeg\" alt=\"\" class=\"wp-image-1162\" srcset=\"http:\/\/rudolf-grothues.de\/wp-content\/uploads\/2022\/04\/verve-1-2-1024x768.jpeg 1024w, http:\/\/rudolf-grothues.de\/wp-content\/uploads\/2022\/04\/verve-1-2-300x225.jpeg 300w, http:\/\/rudolf-grothues.de\/wp-content\/uploads\/2022\/04\/verve-1-2-768x576.jpeg 768w, http:\/\/rudolf-grothues.de\/wp-content\/uploads\/2022\/04\/verve-1-2.jpeg 1280w\" sizes=\"auto, (max-width: 1024px) 100vw, 1024px\" \/><\/figure>\n\n\n\n<p>F\u00fcr die heutige Feier w\u00fcnsche ich weiterhin viel Vergn\u00fcgen, in einem Wohnzimmer sollte schlie\u00dflich auch viel gelacht werden!&nbsp;<\/p>\n","protected":false},"excerpt":{"rendered":"<p>WOW!&nbsp; Damit ist eigentlich alles gesagt! Ihrer Bitte anl\u00e4sslich der Er\u00f6ffnung des Stadtteilwohnzimmers ein paar Dinge zu sagen, will ich dennoch nat\u00fcrlich sehr gerne Folge leisten. Liebe Verve-Mitglieder, verehrte G\u00e4ste! Zun\u00e4chst begr\u00fc\u00dfe ich Sie im Namen der Stadt Beckum ganz herzlich und bedanke mich f\u00fcr die Einladung des Vereins Verve! Gemeinschaft, Kultur &amp; Schwung f\u00fcr [&hellip;]<\/p>\n","protected":false},"author":1,"featured_media":1163,"comment_status":"open","ping_status":"open","sticky":false,"template":"","format":"standard","meta":{"footnotes":""},"categories":[10],"tags":[],"class_list":["post-1156","post","type-post","status-publish","format-standard","has-post-thumbnail","hentry","category-stellv-buergermeister"],"_links":{"self":[{"href":"http:\/\/rudolf-grothues.de\/index.php?rest_route=\/wp\/v2\/posts\/1156","targetHints":{"allow":["GET"]}}],"collection":[{"href":"http:\/\/rudolf-grothues.de\/index.php?rest_route=\/wp\/v2\/posts"}],"about":[{"href":"http:\/\/rudolf-grothues.de\/index.php?rest_route=\/wp\/v2\/types\/post"}],"author":[{"embeddable":true,"href":"http:\/\/rudolf-grothues.de\/index.php?rest_route=\/wp\/v2\/users\/1"}],"replies":[{"embeddable":true,"href":"http:\/\/rudolf-grothues.de\/index.php?rest_route=%2Fwp%2Fv2%2Fcomments&post=1156"}],"version-history":[{"count":2,"href":"http:\/\/rudolf-grothues.de\/index.php?rest_route=\/wp\/v2\/posts\/1156\/revisions"}],"predecessor-version":[{"id":1167,"href":"http:\/\/rudolf-grothues.de\/index.php?rest_route=\/wp\/v2\/posts\/1156\/revisions\/1167"}],"wp:featuredmedia":[{"embeddable":true,"href":"http:\/\/rudolf-grothues.de\/index.php?rest_route=\/wp\/v2\/media\/1163"}],"wp:attachment":[{"href":"http:\/\/rudolf-grothues.de\/index.php?rest_route=%2Fwp%2Fv2%2Fmedia&parent=1156"}],"wp:term":[{"taxonomy":"category","embeddable":true,"href":"http:\/\/rudolf-grothues.de\/index.php?rest_route=%2Fwp%2Fv2%2Fcategories&post=1156"},{"taxonomy":"post_tag","embeddable":true,"href":"http:\/\/rudolf-grothues.de\/index.php?rest_route=%2Fwp%2Fv2%2Ftags&post=1156"}],"curies":[{"name":"wp","href":"https:\/\/api.w.org\/{rel}","templated":true}]}}