{"id":1134,"date":"2022-02-02T21:10:31","date_gmt":"2022-02-02T21:10:31","guid":{"rendered":"http:\/\/rudolf-grothues.de\/?p=1134"},"modified":"2022-02-02T21:10:35","modified_gmt":"2022-02-02T21:10:35","slug":"10-jahre-kulturbahnhof","status":"publish","type":"post","link":"http:\/\/rudolf-grothues.de\/?p=1134","title":{"rendered":"10 Jahre Kulturbahnhof"},"content":{"rendered":"\n<p>Sehr geehrter Herr Schoenefeldt,<\/p>\n\n\n\n<p>liebe Chormitglieder, verehrte Jubil\u00e4umsg\u00e4ste!<\/p>\n\n\n\n<p>Ist es wirklich schon 10 Jahre her, dass Sie der alten G\u00fcterhalle des Bahnhofs Beckum neues Leben eingehaucht haben? Kaum zu glauben!<\/p>\n\n\n\n<p>Ich gratuliere dem jungen Kulturbahnhof Beckum ganz herzlich zum 10. Geburtstag! Am 2.2.2012 haben Sie diesen Bahnhof \u00fcbernommen.<\/p>\n\n\n\n<p>Herr Schoenefeldt, Sie haben das alte Geb\u00e4ude damals aus dem Dornr\u00f6schenschlaf geweckt und es zu einem Anziehungspunkt am Rande der Stadt gemacht. Wenn alte Bausubstanz \u2013 und ganz besonders gilt das wohl f\u00fcr ein Bahnhofsgeb\u00e4ude \u2013 neu genutzt wird, dann hat das Ergebnis immer einen ganz besonderen Charme, hier ja durchaus auch Industriecharme mit eigenem, unverwechselbarem Charakter.<\/p>\n\n\n\n<p>Und Sie haben einen Kulturort daraus gemacht, eben den Kulturbahnhof, einen Ort der Begegnung, ganz so, wie es sich f\u00fcr einen Bahnhof geh\u00f6rt. Aber statt der Passagiere, die auf Z\u00fcge warten, treffen sich hier Menschen, um gemeinsam etwas zu erleben. Es ist kein Wunder, dass Kultur an besonderen Orten die Menschen au\u00dferordentlich fasziniert.&nbsp;<\/p>\n\n\n\n<p>Als Chorleiter sind Sie ein Mann der Kultur, der Musik. Und dankenswerter Weise haben Sie heute Ihren Chor \u201eengagiert\u201c, der der Veranstaltung die besondere Note gibt! Vielen Dank auch an Sie alle!<\/p>\n\n\n\n<p>Den 10. Geburtstag des Kulturbahnhofs feiern Sie heute im kleinen Kreis, lassen Sie es trotzdem ordentlich krachen. Ich freue mich auf die n\u00e4chsten 10 Jahre und viele weitere Veranstaltungen!<\/p>\n","protected":false},"excerpt":{"rendered":"<p>Sehr geehrter Herr Schoenefeldt, liebe Chormitglieder, verehrte Jubil\u00e4umsg\u00e4ste! Ist es wirklich schon 10 Jahre her, dass Sie der alten G\u00fcterhalle des Bahnhofs Beckum neues Leben eingehaucht haben? Kaum zu glauben! Ich gratuliere dem jungen Kulturbahnhof Beckum ganz herzlich zum 10. Geburtstag! Am 2.2.2012 haben Sie diesen Bahnhof \u00fcbernommen. Herr Schoenefeldt, Sie haben das alte Geb\u00e4ude [&hellip;]<\/p>\n","protected":false},"author":1,"featured_media":1135,"comment_status":"open","ping_status":"open","sticky":false,"template":"","format":"standard","meta":{"footnotes":""},"categories":[7],"tags":[],"class_list":["post-1134","post","type-post","status-publish","format-standard","has-post-thumbnail","hentry","category-kunst-kultur"],"_links":{"self":[{"href":"http:\/\/rudolf-grothues.de\/index.php?rest_route=\/wp\/v2\/posts\/1134","targetHints":{"allow":["GET"]}}],"collection":[{"href":"http:\/\/rudolf-grothues.de\/index.php?rest_route=\/wp\/v2\/posts"}],"about":[{"href":"http:\/\/rudolf-grothues.de\/index.php?rest_route=\/wp\/v2\/types\/post"}],"author":[{"embeddable":true,"href":"http:\/\/rudolf-grothues.de\/index.php?rest_route=\/wp\/v2\/users\/1"}],"replies":[{"embeddable":true,"href":"http:\/\/rudolf-grothues.de\/index.php?rest_route=%2Fwp%2Fv2%2Fcomments&post=1134"}],"version-history":[{"count":1,"href":"http:\/\/rudolf-grothues.de\/index.php?rest_route=\/wp\/v2\/posts\/1134\/revisions"}],"predecessor-version":[{"id":1136,"href":"http:\/\/rudolf-grothues.de\/index.php?rest_route=\/wp\/v2\/posts\/1134\/revisions\/1136"}],"wp:featuredmedia":[{"embeddable":true,"href":"http:\/\/rudolf-grothues.de\/index.php?rest_route=\/wp\/v2\/media\/1135"}],"wp:attachment":[{"href":"http:\/\/rudolf-grothues.de\/index.php?rest_route=%2Fwp%2Fv2%2Fmedia&parent=1134"}],"wp:term":[{"taxonomy":"category","embeddable":true,"href":"http:\/\/rudolf-grothues.de\/index.php?rest_route=%2Fwp%2Fv2%2Fcategories&post=1134"},{"taxonomy":"post_tag","embeddable":true,"href":"http:\/\/rudolf-grothues.de\/index.php?rest_route=%2Fwp%2Fv2%2Ftags&post=1134"}],"curies":[{"name":"wp","href":"https:\/\/api.w.org\/{rel}","templated":true}]}}