{"id":113,"date":"2016-11-27T09:18:06","date_gmt":"2016-11-27T09:18:06","guid":{"rendered":"http:\/\/rudi.puettstadt.de\/?p=113"},"modified":"2018-06-21T09:19:26","modified_gmt":"2018-06-21T09:19:26","slug":"eroeffnung-der-jahresverkaufsausstellung-des-kreiskunstvereins-beckum-warendorf-e-v","status":"publish","type":"post","link":"http:\/\/rudolf-grothues.de\/?p=113","title":{"rendered":"Er\u00f6ffnung der Jahresverkaufsausstellung des Kreiskunstvereins Beckum-Warendorf e.V."},"content":{"rendered":"<div class=\"articleText1\">\n<div>\n<figure id=\"attachment_114\" aria-describedby=\"caption-attachment-114\" style=\"width: 1198px\" class=\"wp-caption alignnone\"><img loading=\"lazy\" decoding=\"async\" class=\"size-full wp-image-114\" src=\"http:\/\/rudi.puettstadt.de\/wp-content\/uploads\/2018\/06\/image-18.png\" alt=\"\" width=\"1198\" height=\"455\" srcset=\"http:\/\/rudolf-grothues.de\/wp-content\/uploads\/2018\/06\/image-18.png 1198w, http:\/\/rudolf-grothues.de\/wp-content\/uploads\/2018\/06\/image-18-350x133.png 350w, http:\/\/rudolf-grothues.de\/wp-content\/uploads\/2018\/06\/image-18-300x114.png 300w, http:\/\/rudolf-grothues.de\/wp-content\/uploads\/2018\/06\/image-18-768x292.png 768w, http:\/\/rudolf-grothues.de\/wp-content\/uploads\/2018\/06\/image-18-1024x389.png 1024w\" sizes=\"auto, (max-width: 1198px) 100vw, 1198px\" \/><figcaption id=\"caption-attachment-114\" class=\"wp-caption-text\">Bei der Er\u00f6ffnung der Verkaufsausstellung des Kreiskunstvereins Beckum-Warendorf: Dr. Rudolf Grothues, Franz-Ludwig Bl\u00f6mker, Silvia Fassel und Dieter M\u00fcller (Gesch\u00e4ftsf\u00fchrerin und Vorsitzender des Kreiskunstvereins), Museumsleiter Dr. Martin Gesing (Foto: Bernd Fernkorn, Die Glocke)<\/figcaption><\/figure>\n<p>Verehrter Herr M\u00fcller,\u00a0lieber Franz-Ludwig Bl\u00f6mker,<\/p>\n<p>liebe K\u00fcnstlerinnen und K\u00fcnstler,\u00a0liebe Kunstfreundinnen und Kunstfreunde,\u00a0meine sehr geehrten Damen und Herren,<\/p>\n<p>ich begr\u00fc\u00dfe Sie alle ganz herzlich im Namen der Stadt Beckum zur Er\u00f6ffnung der diesj\u00e4hrigen Jahresverkaufsausstellung des Kreiskunstvereins Beckum-Warendorf e. V. hier in den R\u00e4umen des Stadtmuseums Beckum. Sch\u00f6n, dass Sie alle heute hier sind!<\/p>\n<p>Die Jahresverkaufsausstellung ist immer eine ganz besondere, denn die Besucherinnen und Besucher bekommen hier einen guten \u00dcberblick \u00fcber die regionale Kunstszene, die ausgesprochen vielf\u00e4ltig und namhaft besetzt ist.<\/p>\n<p>Es sind so gut wie alle Techniken und Gattungen der bildenden Kunst vertreten. Von Fotografie \u00fcber Druckgrafik, Zeichnung, Collage, Acrylmalerei, \u00d6lmalerei, Materialbildern bis zu Skulpturen ist alles dabei. Die Skulpturen sind aus Bronze, Stein oder Holz. Es ergibt sich also eine sehr abwechslungsreiche Schau.<\/p>\n<p>Alle Beckumerinnen und Beckumer und unsere ausw\u00e4rtigen G\u00e4ste haben von heute an bis zum 8. Januar die Gelegenheit, sich hier auf den neuesten Stand zu bringen, eben auf den \u201eState of the Art\u201c im wahrsten Wortsinn. Und das Sch\u00f6ne ist zudem, dass die Kunstwerke nicht nur ausgestellt sondern auch zum Kauf angeboten werden. Die Spanne reicht von 110 Euro bis zu 4.300 Euro. Die allermeisten sind aber f\u00fcr unter 500 Euro zu haben.<\/p>\n<\/div>\n<\/div>\n<p><!--more--><\/p>\n<div class=\"articleText2\">\n<div>Besonders begr\u00fc\u00dfe ich auf der diesj\u00e4hrigen Jahreskunstausstellung zun\u00e4chst diejenigen, denen wir die heutige Ausstellung letztlich verdanken. Das sind die K\u00fcnstlerinnen und K\u00fcnstler, die als Mitglieder im Kreiskunstverein heute ihre Werke pr\u00e4sentieren.\u00a0Liebe K\u00fcnstlerinnen und K\u00fcnstler, vielen Dank f\u00fcr Ihre Beitr\u00e4ge und viel Erfolg mit dieser Ausstellung!<\/div>\n<div>\n<p>Mit der Auswahl war wieder eine Fachjury befasst, die ich ebenfalls sehr herzlich hier begr\u00fc\u00dfe. Das sind Dr. Bennie Priddy, Dr. Dalia Klippenstein, Kathrin Heyer, Matthias G\u00f6dde und Dr. Martin Gesing. Sie alle haben sich kritisch mit den eingereichten Arbeiten auseinandergesetzt, damit die Besucherinnen und Besucher hier eine stimmige Auswahl an Werken vorfinden. Liebe Jurymitglieder: Vielen Dank f\u00fcr das fachkundige Auge und Ihr Engagement!<\/p>\n<p>Ich danke nat\u00fcrlich besonders auch dem Kreiskunstverein f\u00fcr die Organisation und Umsetzung sehr herzlich und daf\u00fcr, dass Sie neuerlich das Stadtmuseum Beckum als Ausstellungsort gew\u00e4hlt haben.<\/p>\n<p>Liebe Kunstschaffenden, liebe Kunstfreunde,<\/p>\n<p>wir haben hier wieder ein tolles Stelldichein der Kunst in unserer Region, das belegt, wie hochwertig hier gearbeitet wird. Ein Besuch der Ausstellung lohnt sich, weil man hier einen tollen Gesamt\u00fcberblick bekommt und die Unikate auch noch zu einem guten Preis zu haben sind.\u00a0In diesem Sinne w\u00fcnsche ich der Ausstellung viele interessierte Besucherinnen und Besucher sowie K\u00e4uferinnen und K\u00e4ufer.<\/p>\n<\/div>\n<\/div>\n","protected":false},"excerpt":{"rendered":"<p>Verehrter Herr M\u00fcller,\u00a0lieber Franz-Ludwig Bl\u00f6mker, liebe K\u00fcnstlerinnen und K\u00fcnstler,\u00a0liebe Kunstfreundinnen und Kunstfreunde,\u00a0meine sehr geehrten Damen und Herren, ich begr\u00fc\u00dfe Sie alle ganz herzlich im Namen der Stadt Beckum zur Er\u00f6ffnung der diesj\u00e4hrigen Jahresverkaufsausstellung des Kreiskunstvereins Beckum-Warendorf e. V. hier in den R\u00e4umen des Stadtmuseums Beckum. Sch\u00f6n, dass Sie alle heute hier sind! Die Jahresverkaufsausstellung ist [&hellip;]<\/p>\n","protected":false},"author":1,"featured_media":0,"comment_status":"open","ping_status":"open","sticky":false,"template":"","format":"standard","meta":{"footnotes":""},"categories":[7],"tags":[],"class_list":["post-113","post","type-post","status-publish","format-standard","hentry","category-kunst-kultur"],"_links":{"self":[{"href":"http:\/\/rudolf-grothues.de\/index.php?rest_route=\/wp\/v2\/posts\/113","targetHints":{"allow":["GET"]}}],"collection":[{"href":"http:\/\/rudolf-grothues.de\/index.php?rest_route=\/wp\/v2\/posts"}],"about":[{"href":"http:\/\/rudolf-grothues.de\/index.php?rest_route=\/wp\/v2\/types\/post"}],"author":[{"embeddable":true,"href":"http:\/\/rudolf-grothues.de\/index.php?rest_route=\/wp\/v2\/users\/1"}],"replies":[{"embeddable":true,"href":"http:\/\/rudolf-grothues.de\/index.php?rest_route=%2Fwp%2Fv2%2Fcomments&post=113"}],"version-history":[{"count":1,"href":"http:\/\/rudolf-grothues.de\/index.php?rest_route=\/wp\/v2\/posts\/113\/revisions"}],"predecessor-version":[{"id":115,"href":"http:\/\/rudolf-grothues.de\/index.php?rest_route=\/wp\/v2\/posts\/113\/revisions\/115"}],"wp:attachment":[{"href":"http:\/\/rudolf-grothues.de\/index.php?rest_route=%2Fwp%2Fv2%2Fmedia&parent=113"}],"wp:term":[{"taxonomy":"category","embeddable":true,"href":"http:\/\/rudolf-grothues.de\/index.php?rest_route=%2Fwp%2Fv2%2Fcategories&post=113"},{"taxonomy":"post_tag","embeddable":true,"href":"http:\/\/rudolf-grothues.de\/index.php?rest_route=%2Fwp%2Fv2%2Ftags&post=113"}],"curies":[{"name":"wp","href":"https:\/\/api.w.org\/{rel}","templated":true}]}}