{"id":110,"date":"2017-03-04T09:16:26","date_gmt":"2017-03-04T09:16:26","guid":{"rendered":"http:\/\/rudi.puettstadt.de\/?p=110"},"modified":"2018-06-21T13:49:50","modified_gmt":"2018-06-21T13:49:50","slug":"7-theaterfestival-provinz-jugend-macht-theater-im-stadttheater","status":"publish","type":"post","link":"http:\/\/rudolf-grothues.de\/?p=110","title":{"rendered":"7. Theaterfestival \u201eProvinz \u2013 Jugend macht Theater\u201c im Stadttheater"},"content":{"rendered":"<div class=\"articleText1\">\n<p align=\"left\"><img loading=\"lazy\" decoding=\"async\" class=\"alignnone size-full wp-image-111\" src=\"http:\/\/rudi.puettstadt.de\/wp-content\/uploads\/2018\/06\/image-17.png\" alt=\"\" width=\"1200\" height=\"900\" srcset=\"http:\/\/rudolf-grothues.de\/wp-content\/uploads\/2018\/06\/image-17.png 1200w, http:\/\/rudolf-grothues.de\/wp-content\/uploads\/2018\/06\/image-17-350x263.png 350w, http:\/\/rudolf-grothues.de\/wp-content\/uploads\/2018\/06\/image-17-300x225.png 300w, http:\/\/rudolf-grothues.de\/wp-content\/uploads\/2018\/06\/image-17-768x576.png 768w, http:\/\/rudolf-grothues.de\/wp-content\/uploads\/2018\/06\/image-17-1024x768.png 1024w\" sizes=\"auto, (max-width: 1200px) 100vw, 1200px\" \/>Liebe mitwirkenden Jugendlichen und jungen Erwachsenen,\u00a0sehr geehrte Zuschauerinnen und Zuschauer,<\/p>\n<p align=\"left\">ich begr\u00fc\u00dfe Sie und euch alle ganz herzlich im Namen der Stadt Beckum beim nunmehr 7. Theaterfestival \u201eProvinz \u2013 Jugend macht Theater\u201c hier im Stadttheater Beckum, das heute und morgen das Haus mit viel Leben f\u00fcllt und f\u00fcllen wird.<\/p>\n<p align=\"left\">Hinter diesem Festival stehen 5 Theaterh\u00e4user im Kreis Warendorf, namentlich die Schuhfabrik Ahlen, die Alte Post Oelde, das Theater am Wall Warendorf, das Stadttheater Beckum und last but not least ist nun auch die Alte Brennerei Ennigerloh. Das \u201eNetzwerk Amateurtheater im Kreis Warendorf\u201c wird mit dieser Veranstaltung wieder zwei Dinge eindrucksvoll belegen: Amateurtheater kann sehr professionell sein, und zum zweiten: Provinz kann sehr innovativ und modern sein. Aus beidem wird kein Hehl, sondern eine Tugend gemacht.<\/p>\n<p align=\"left\">In den einzelnen H\u00e4usern haben sich f\u00fcr dieses Projekt \u00fcber 50 Jugendliche eingefunden, die ihr schauspielerisches Talent und K\u00f6nnen unter Beweis stellen. Das haben sie mit Theaterp\u00e4dagogen und dank der vielf\u00e4ltigen Unterst\u00fctzung durch die jeweiligen H\u00e4user unter professionellen Bedingungen einstudiert und ge\u00fcbt.<\/p>\n<p align=\"left\"><span style=\"font-size: 1rem;\">Die Zuschauerinnen und Zuschauer k\u00f6nnen sich davon 2 Tage lang \u2012und dank sp\u00e4terer Auff\u00fchrungen auch dar\u00fcber hinaus \u2012 ein Bild machen, einen B\u00fchnenbild sozusagen. Ich bedanke mich bei allen Teilnehmenden und den zahlreichen Mitwirkenden hinter den Kulissen f\u00fcr ihr\u00a0<\/span><u style=\"font-size: 1rem;\">Engagement<\/u><span style=\"font-size: 1rem;\">. \u00a0\u00a0\u00a0Apropos: Vielleicht springt ja f\u00fcr den einen oder anderen sp\u00e4ter ein professionelles\u00a0<\/span><u style=\"font-size: 1rem;\">Theaterengagement<\/u><span style=\"font-size: 1rem;\">\u00a0dabei heraus.<\/span><\/p>\n<\/div>\n<p><!--more--><\/p>\n<div class=\"articleText2\">\n<div>\n<p align=\"left\">Ich bedanke mich ganz herzlich beim Schirmherrn Tugsal Mogul, der mit seiner Vita und seiner au\u00dfergew\u00f6hnlichen Schaffenskraft das perfekte Vorbild f\u00fcr die Nachwuchsschauspielerinnen und \u2013schauspieler ist. Seine ersten darstellerischen Erfolge hat er schon als Kind auf dieser B\u00fchne gefeiert. F\u00fcr ihn waren das erste Schritte einer beeindruckenden Karriere. Ich freue mich, dass Sie uns treu bleiben und dieser Veranstaltung zu Glanz und Gloria verhelfen.<\/p>\n<p align=\"left\">Meine sehr geehrten Damen und Herren,\u00a0es erwarten Sie hier vollkommen unterschiedliche St\u00fc&gt;Gef\u00f6rdert wird das Festival vom Land Nordrhein-Westfalen und vom Kreis Warendorf, und nat\u00fcrlich indirekt durch die Tr\u00e4ger der einzelnen Theaterh\u00e4user. Es gilt hier das Prinzip: gemeinsam mehr erreichen. Denn so kann man beispielsweise mehr Menschen erreichen und hochwertiger \u201eproduzieren\u201c.<\/p>\n<p align=\"left\">Durch das Netzwerk wird der kulturelle Lebensraum Kreis Warendorf st\u00e4rker erfahren und erlebt, der Blick \u00fcber den eigenen Tellerrand hinaus ist inklusive. Das gilt f\u00fcr die Jugendliche aus Ahlen, die vielleicht zum ersten Mal ein Angebot in Beckum wahrnimmt ebenso wie f\u00fcr die vielen Jugendlichen mit Fluchtgeschichte, die hier teilgenommen haben oder teilnehmen und so einen sch\u00f6nen Zugang zur Jugendkultur in unserer Region finden. Es ist also auch ein integratives Projekt. Und es ist ein inklusives Projekt, was beileibe nicht nur die baulichen Ma\u00dfnahmen betrifft.<\/p>\n<p align=\"left\">F\u00fcr alle Jugendlichen ist die Teilnahme am Festival \u00fcbrigens kostenlos. Damit ist dieses Kulturangebot niederschwellig und f\u00fcr alle jungen Talente zug\u00e4nglich.<\/p>\n<p align=\"left\">Sie m\u00fcssen nur die n\u00f6tige Spielfreude und die Lust am Ausprobieren und Feilen des eigenen Ausdrucks mitbringen. Und das, meine sehr verehrten Damen und Herren, kann ich schon jetzt garantieren. Die Jugendlichen sind teils alte Hasen bei diesem Festival, teils ganz neu dabei. Es gibt also jede Menge frischen Wind und zugleich gestandene Jungschauspieler(innen). Spannend, abwechslungsreich und unterhaltsam wird es allemal.<\/p>\n<p align=\"left\">Tobias Winopall ist der perfekte Mann f\u00fcr die Zwischent\u00f6ne. Er wird hier gekonnt durch das Programm f\u00fchren, f\u00fcr das ich Ihnen allen nun gute Unterhaltung w\u00fcnsche. Den teilnehmenden Jugendlichen sage ich toi, toi, toi. Viel Erfolg! Und ganz viel Applaus!<\/p>\n<\/div>\n<\/div>\n","protected":false},"excerpt":{"rendered":"<p>Liebe mitwirkenden Jugendlichen und jungen Erwachsenen,\u00a0sehr geehrte Zuschauerinnen und Zuschauer, ich begr\u00fc\u00dfe Sie und euch alle ganz herzlich im Namen der Stadt Beckum beim nunmehr 7. Theaterfestival \u201eProvinz \u2013 Jugend macht Theater\u201c hier im Stadttheater Beckum, das heute und morgen das Haus mit viel Leben f\u00fcllt und f\u00fcllen wird. Hinter diesem Festival stehen 5 Theaterh\u00e4user [&hellip;]<\/p>\n","protected":false},"author":1,"featured_media":0,"comment_status":"open","ping_status":"open","sticky":false,"template":"","format":"standard","meta":{"footnotes":""},"categories":[7],"tags":[],"class_list":["post-110","post","type-post","status-publish","format-standard","hentry","category-kunst-kultur"],"_links":{"self":[{"href":"http:\/\/rudolf-grothues.de\/index.php?rest_route=\/wp\/v2\/posts\/110","targetHints":{"allow":["GET"]}}],"collection":[{"href":"http:\/\/rudolf-grothues.de\/index.php?rest_route=\/wp\/v2\/posts"}],"about":[{"href":"http:\/\/rudolf-grothues.de\/index.php?rest_route=\/wp\/v2\/types\/post"}],"author":[{"embeddable":true,"href":"http:\/\/rudolf-grothues.de\/index.php?rest_route=\/wp\/v2\/users\/1"}],"replies":[{"embeddable":true,"href":"http:\/\/rudolf-grothues.de\/index.php?rest_route=%2Fwp%2Fv2%2Fcomments&post=110"}],"version-history":[{"count":2,"href":"http:\/\/rudolf-grothues.de\/index.php?rest_route=\/wp\/v2\/posts\/110\/revisions"}],"predecessor-version":[{"id":289,"href":"http:\/\/rudolf-grothues.de\/index.php?rest_route=\/wp\/v2\/posts\/110\/revisions\/289"}],"wp:attachment":[{"href":"http:\/\/rudolf-grothues.de\/index.php?rest_route=%2Fwp%2Fv2%2Fmedia&parent=110"}],"wp:term":[{"taxonomy":"category","embeddable":true,"href":"http:\/\/rudolf-grothues.de\/index.php?rest_route=%2Fwp%2Fv2%2Fcategories&post=110"},{"taxonomy":"post_tag","embeddable":true,"href":"http:\/\/rudolf-grothues.de\/index.php?rest_route=%2Fwp%2Fv2%2Ftags&post=110"}],"curies":[{"name":"wp","href":"https:\/\/api.w.org\/{rel}","templated":true}]}}