{"id":1096,"date":"2020-11-05T19:25:15","date_gmt":"2020-11-05T19:25:15","guid":{"rendered":"http:\/\/rudolf-grothues.de\/?p=1096"},"modified":"2020-11-05T20:04:53","modified_gmt":"2020-11-05T20:04:53","slug":"wahl-zum-1-stellv-buergermeister","status":"publish","type":"post","link":"http:\/\/rudolf-grothues.de\/?p=1096","title":{"rendered":"Wahl zum 1. stellv. B\u00fcrgermeister"},"content":{"rendered":"\n<p>Am 3. November 2020 fand sich der Rat der Stadt Beckum zu seiner konstituierenden Sitzung in der Aula der Berufsschule in Beckum zusammen. An diesem feierlichen Abend wurde der neu gew\u00e4hlte B\u00fcrgermeister Michael Gerdhenrich vereidigt und offiziell in sein neues Amt eingef\u00fchrt. Neben der Vereidigung der Ratsmitglieder wurden auch die stellvertretenden B\u00fcrgermeister gew\u00e4hlt: Dr. Rudolf Grothues (SPD), Theresia Gerwin (CDU) und Angelika Gr\u00fcttner L\u00fctke (B\u00fcndnis 90\/die Gr\u00fcnen). Ich freue mich auf eine gute Zusammenarbeit!<\/p>\n\n\n\n<p>Foto: Die beiden Fraktionsvorsitzenden der SPD, Felix Markmeier-Agnesens und Peter Tripmaker gratulieren Dr. Rudolf Grothues zur Wahl zum 1. stellv. B\u00fcrgermeister der Stadt Beckum.<\/p>\n\n\n\n<!--more-->\n\n\n\n<figure class=\"wp-block-image size-large\"><img loading=\"lazy\" decoding=\"async\" width=\"800\" height=\"533\" src=\"http:\/\/rudolf-grothues.de\/wp-content\/uploads\/2020\/11\/12.jpg\" alt=\"\" class=\"wp-image-1105\" srcset=\"http:\/\/rudolf-grothues.de\/wp-content\/uploads\/2020\/11\/12.jpg 800w, http:\/\/rudolf-grothues.de\/wp-content\/uploads\/2020\/11\/12-300x200.jpg 300w, http:\/\/rudolf-grothues.de\/wp-content\/uploads\/2020\/11\/12-768x512.jpg 768w\" sizes=\"auto, (max-width: 800px) 100vw, 800px\" \/><figcaption>Der neue gew\u00e4hlte B\u00fcrgermeister Michael Gerdhenrich (rechts) \u00fcberreicht Dr. Rudolf Grothues einen Blumenstrau\u00df und gratuliert zur Wahl zu seinem ersten Stellvertreter <br>(Foto: Die GLOCKE, 3.11.2020)<\/figcaption><\/figure>\n","protected":false},"excerpt":{"rendered":"<p>Am 3. November 2020 fand sich der Rat der Stadt Beckum zu seiner konstituierenden Sitzung in der Aula der Berufsschule in Beckum zusammen. An diesem feierlichen Abend wurde der neu gew\u00e4hlte B\u00fcrgermeister Michael Gerdhenrich vereidigt und offiziell in sein neues Amt eingef\u00fchrt. Neben der Vereidigung der Ratsmitglieder wurden auch die stellvertretenden B\u00fcrgermeister gew\u00e4hlt: Dr. Rudolf [&hellip;]<\/p>\n","protected":false},"author":1,"featured_media":1097,"comment_status":"open","ping_status":"open","sticky":false,"template":"","format":"standard","meta":{"footnotes":""},"categories":[10],"tags":[],"class_list":["post-1096","post","type-post","status-publish","format-standard","has-post-thumbnail","hentry","category-stellv-buergermeister"],"_links":{"self":[{"href":"http:\/\/rudolf-grothues.de\/index.php?rest_route=\/wp\/v2\/posts\/1096","targetHints":{"allow":["GET"]}}],"collection":[{"href":"http:\/\/rudolf-grothues.de\/index.php?rest_route=\/wp\/v2\/posts"}],"about":[{"href":"http:\/\/rudolf-grothues.de\/index.php?rest_route=\/wp\/v2\/types\/post"}],"author":[{"embeddable":true,"href":"http:\/\/rudolf-grothues.de\/index.php?rest_route=\/wp\/v2\/users\/1"}],"replies":[{"embeddable":true,"href":"http:\/\/rudolf-grothues.de\/index.php?rest_route=%2Fwp%2Fv2%2Fcomments&post=1096"}],"version-history":[{"count":2,"href":"http:\/\/rudolf-grothues.de\/index.php?rest_route=\/wp\/v2\/posts\/1096\/revisions"}],"predecessor-version":[{"id":1106,"href":"http:\/\/rudolf-grothues.de\/index.php?rest_route=\/wp\/v2\/posts\/1096\/revisions\/1106"}],"wp:featuredmedia":[{"embeddable":true,"href":"http:\/\/rudolf-grothues.de\/index.php?rest_route=\/wp\/v2\/media\/1097"}],"wp:attachment":[{"href":"http:\/\/rudolf-grothues.de\/index.php?rest_route=%2Fwp%2Fv2%2Fmedia&parent=1096"}],"wp:term":[{"taxonomy":"category","embeddable":true,"href":"http:\/\/rudolf-grothues.de\/index.php?rest_route=%2Fwp%2Fv2%2Fcategories&post=1096"},{"taxonomy":"post_tag","embeddable":true,"href":"http:\/\/rudolf-grothues.de\/index.php?rest_route=%2Fwp%2Fv2%2Ftags&post=1096"}],"curies":[{"name":"wp","href":"https:\/\/api.w.org\/{rel}","templated":true}]}}