{"id":1066,"date":"2020-09-17T08:25:46","date_gmt":"2020-09-17T08:25:46","guid":{"rendered":"http:\/\/rudolf-grothues.de\/?p=1066"},"modified":"2020-09-17T08:27:02","modified_gmt":"2020-09-17T08:27:02","slug":"aktionen-zur-fairen-woche","status":"publish","type":"post","link":"http:\/\/rudolf-grothues.de\/?p=1066","title":{"rendered":"Aktionen zur Fairen Woche"},"content":{"rendered":"\n<h4 class=\"wp-block-heading\"><strong>Die Faire Woche h\u00e4lt auch auf den Wochenm\u00e4rkten am Freitag in Neubeckum und am Samstag in Beckum Einzug. F\u00fcr den konsumkritischen Spaziergang sind noch Pl\u00e4tze frei.<\/strong><\/h4>\n\n\n\n<p><strong>Umschl\u00e4ge an der W\u00e4scheleine und Gl\u00fccksrad auf den Wochenm\u00e4rkten<\/strong><br>Eine W\u00e4scheleine voller \u201efairer\u201c Briefumschl\u00e4ge zum Mitnehmen h\u00e4ngt auf den Wochenm\u00e4rkten in Beckum (Samstag) und Neubeckum (Freitag). Damit ist die Info-Aktion auch in Coronazeiten m\u00f6glich. Die Briefumschl\u00e4ge enthalten Infomaterial zur Fairen Woche oder zum fairen Handel und kleine \u00dcberraschungen wie ein faires Schokol\u00e4dchen oder einen Teebeutel aus dem fairen Handel zum Probieren. Wer beim Gl\u00fccksrad der Steuerungsgruppe die 12 dreht, gewinnt einen Preis. Denn diese Zahl steht f\u00fcr das UN-Nachhaltigkeitsziel Nummer 12, das nachhaltigen Konsum sicherstellen soll. Auf lockere Art lernen Gro\u00df und Klein die Grunds\u00e4tze der nachhaltigen Ziele und Produkte aus dem fairen Handel kennen. Zur Umsetzung dieses Ziels sind vor allem die entwickelten L\u00e4nder gefordert. Als Ansatzpunkte werden etwa die nachhaltige Bewirtschaftung und effiziente Nutzung der nat\u00fcrlichen Ressourcen, eine Halbierung der Nahrungsmittelverschwendung sowie ein umweltvertr\u00e4glicher Umgang mit Chemikalien und Abf\u00e4llen aufgef\u00fchrt,. Auch Subventionen f\u00fcr fossile Brennstoffe sollen allm\u00e4hlich abgeschafft werden. Doch der Trend sieht leider anders aus: Der weltweite Materialverbrauch hat rapide zugenommen, ebenso wie der CO<sub>2<\/sub>-Fu\u00dfabdruck pro Kopf, was die Erreichung dieses Ziels ernsthaft gef\u00e4hrdet. Dringende Ma\u00dfnahmen sind geboten, um unsere nat\u00fcrlichen Ressourcen nicht \u00fcberm\u00e4\u00dfig zu beanspruchen. Der weltweite Materialverbrauch belief sich auf 92,1 Milliarden Tonnen im Jahr 2017, verglichen mit 87 Milliarden im Jahr 2015 und 27 Milliarden im Jahr 1970.<\/p>\n\n\n\n<p><strong>Konsumkritischer Rundgang sch\u00e4rft Blick f\u00fcr Kinderarbeit<\/strong><br>F\u00fcr den konsumkritischen Rundgang am Samstag, 19. September mit Antje Ruhmann, Sprecherin der Steuerungsgruppe Fairtrade-Stadt Beckum und Referentin f\u00fcr Kinderrechte und Kinderarbeit bei Terre des Hommes, anl\u00e4sslich des Weltkindertages gibt es noch einige freie Pl\u00e4tze. Die Anmeldung ist kostenfrei bei der VHS Beckum m\u00f6glich. Hier soll der Blick f\u00fcr Kinderarbeit gesch\u00e4rft werden. Viele Produkte unseres t\u00e4glichen Lebens entstehen durch Kinderhand. Weltweit arbeiten etwa 152 Millionen M\u00e4dchen und Jungen, rund 73 Millionen von ihnen unter gef\u00e4hrlichen und ausbeuterischen Bedingungen. Auch in Beckum konsumieren wir solche Produkte, oftmals ohne es zu wissen. Vielen bekannt ist die Ausbeutung von Kindern bei der Herstellung von Bananen, Kakao oder Kaffee. Dar\u00fcber hinaus befasst sich der Rundgang mit der Produktion von Grabsteinen und Shrimps. Los geht\u2018s am Kleinen Weltladen der AGEW (Aktionsgemeinschaft Eine Welt) im Pfarrheim St. Stephanus um 11:00 Uhr. Es geht zum Steinmetzbetrieb Magera, wo es um Steine ohne Kinderarbeit geht, das Reformhaus Zurhorst und einen Fischstand auf dem Wochenmarkt. Dort endet der konsumkritische Spaziergang nach etwa 90 Minuten.<\/p>\n\n\n\n<p>Die Faire Woche ist eine Veranstaltung in Kooperation mit der Volkshochschule Beckum.<\/p>\n\n\n\n<p>Bild: Die Mitglieder der Steuerungsgruppe bereiten die W\u00e4scheleine vor, die auf den Wochenm\u00e4rkten zur Selbstbedienung h\u00e4ngen wird: v. l. Ina Schleebr\u00fcgge, Rudolf Grothues, Antje Ruhmann, Gilbert Wamba und Annegret Kortm\u00f6ller.<\/p>\n\n\n\n<p>(Text und Foto: Stadt Beckum)<\/p>\n","protected":false},"excerpt":{"rendered":"<p>Die Faire Woche h\u00e4lt auch auf den Wochenm\u00e4rkten am Freitag in Neubeckum und am Samstag in Beckum Einzug. F\u00fcr den konsumkritischen Spaziergang sind noch Pl\u00e4tze frei. Umschl\u00e4ge an der W\u00e4scheleine und Gl\u00fccksrad auf den Wochenm\u00e4rktenEine W\u00e4scheleine voller \u201efairer\u201c Briefumschl\u00e4ge zum Mitnehmen h\u00e4ngt auf den Wochenm\u00e4rkten in Beckum (Samstag) und Neubeckum (Freitag). Damit ist die Info-Aktion [&hellip;]<\/p>\n","protected":false},"author":1,"featured_media":1067,"comment_status":"open","ping_status":"open","sticky":false,"template":"","format":"standard","meta":{"footnotes":""},"categories":[5],"tags":[],"class_list":["post-1066","post","type-post","status-publish","format-standard","has-post-thumbnail","hentry","category-fairtrade"],"_links":{"self":[{"href":"http:\/\/rudolf-grothues.de\/index.php?rest_route=\/wp\/v2\/posts\/1066","targetHints":{"allow":["GET"]}}],"collection":[{"href":"http:\/\/rudolf-grothues.de\/index.php?rest_route=\/wp\/v2\/posts"}],"about":[{"href":"http:\/\/rudolf-grothues.de\/index.php?rest_route=\/wp\/v2\/types\/post"}],"author":[{"embeddable":true,"href":"http:\/\/rudolf-grothues.de\/index.php?rest_route=\/wp\/v2\/users\/1"}],"replies":[{"embeddable":true,"href":"http:\/\/rudolf-grothues.de\/index.php?rest_route=%2Fwp%2Fv2%2Fcomments&post=1066"}],"version-history":[{"count":2,"href":"http:\/\/rudolf-grothues.de\/index.php?rest_route=\/wp\/v2\/posts\/1066\/revisions"}],"predecessor-version":[{"id":1069,"href":"http:\/\/rudolf-grothues.de\/index.php?rest_route=\/wp\/v2\/posts\/1066\/revisions\/1069"}],"wp:featuredmedia":[{"embeddable":true,"href":"http:\/\/rudolf-grothues.de\/index.php?rest_route=\/wp\/v2\/media\/1067"}],"wp:attachment":[{"href":"http:\/\/rudolf-grothues.de\/index.php?rest_route=%2Fwp%2Fv2%2Fmedia&parent=1066"}],"wp:term":[{"taxonomy":"category","embeddable":true,"href":"http:\/\/rudolf-grothues.de\/index.php?rest_route=%2Fwp%2Fv2%2Fcategories&post=1066"},{"taxonomy":"post_tag","embeddable":true,"href":"http:\/\/rudolf-grothues.de\/index.php?rest_route=%2Fwp%2Fv2%2Ftags&post=1066"}],"curies":[{"name":"wp","href":"https:\/\/api.w.org\/{rel}","templated":true}]}}